{"id":24946,"date":"2021-03-10T21:26:58","date_gmt":"2021-03-10T20:26:58","guid":{"rendered":"https:\/\/senzor.ba\/?p=24946"},"modified":"2024-01-15T21:39:34","modified_gmt":"2024-01-15T20:39:34","slug":"salkic-svojim-nedjelovanjem-visoki-predstavnik-ohrabrio-dodika-da-provodi-seperatisticku-politiku","status":"publish","type":"post","link":"https:\/\/tvsensor.com\/clanak\/salkic-svojim-nedjelovanjem-visoki-predstavnik-ohrabrio-dodika-da-provodi-seperatisticku-politiku\/","title":{"rendered":"Salki\u0107: Svojim nedjelovanjem visoki predstavnik ohrabrio Dodika da provodi seperatisti\u010dku politiku"},"content":{"rendered":"\n<p>Visoki predstavnik i OHR svojom pasivno\u0161\u0107u i izra\u017eavanjem zabrinutosti na sve pojave u bosanskohercegova\u010dkom entitetu Republika Srpska (RS) doveli su sebe u situaciju da Narodna skup\u0161tina RS-a raspravlja o njegovom radu, izjavio je danas Ramiz Salki\u0107, potpredsjednik RS-a, javlja Anadolu Agency (AA).<\/p>\n\n\n\n<p>Salki\u0107 je istakao da zbog institucionalnog polo\u017eaja Bo\u0161njaci u RS-u nisu u mogu\u0107nosti da za\u0161tite svoja prava.<\/p>\n\n\n\n<p>&#8220;Svojim nedjelovanjem na provo\u0111enju antidejtonskih procesa u ovom entitetu visoki predstavnik je u proteklim godinama ohrabrio Milorada Dodika da provodi seperatisti\u010dku politiku. Izra\u017eavanje zabrinutosti umjesto konkretnih reakcija na kr\u0161enje Dejtonskog mirovnog sporazuma u ovom entitetu sve nas zajedno je dovelo u veoma te\u0161ku situaciju. Sistemska diskriminacija koju provode vlasti bosanskih Srba u bh. entitetu RS prema Bo\u0161njacima, koji su se vratili na svoja ognji\u0161ta, najo\u010ditiji je primjer kr\u0161enja Aneksa VII Dejtonskog mirovnog sporazuma&#8221;, naveo je Salki\u0107.<\/p>\n\n\n\n<p>Prema njegovim rije\u010dima, diskriminacija kao sredstvo za mirnodopsko etni\u010dko \u010di\u0161\u0107enje prostora koji se nepravedno zove samo po jednom narodu ostavlja drasti\u010dne posljedice na Bo\u0161njake u ovom entitetu.<\/p>\n\n\n\n<p>&#8220;Visoki predstavnik, OHR, PIC, OSCE, Kancelarija Evropske komisije svi to posmatraju kao da se ni\u0161ta ne de\u0161ava, ba\u0161 kao \u0161to su to posmatrali 1992. i 1995. godine. Zbog institucionalnog polo\u017eaja Bo\u0161njaka u ovom entitetu selektivnom primjenom Odluke Ustavnog suda BiH o konstitutivnosti naroda na cijeloj teritoriji BiH u koji nas je doveo visoki predstavnik Volfgang Petri\u010d nismo u mogu\u0107nosti da za\u0161titimo svoja prava.<\/p>\n\n\n\n<p>Va\u0161 aktivan pristup u entitetu FBiH kada se pojavi neki problem je za pohvalu, ali ostaje velika sumnja i nepovjerenje Bo\u0161njaka u RS-u, za\u0161to nemate isti pristup i u ovom dijelu BiH&#8221;, kazao je Salki\u0107.<\/p>\n\n\n\n<p>Dodao je da su kr\u0161enje Dejtonskog mirovnog sporazuma, kr\u0161enje ustavnih i zakonskih odredbi BiH i entiteta, negiranje genocida i veli\u010danje presu\u0111enih ratnih zlo\u010dinaca vi\u0161e nego dovoljan razlog za reakciju.<\/p>\n\n\n\n<p>&#8220;Nove prijetnje referendumom o statusu entiteta RS novi je udar na Dejtonski mirovni sporazum za koji vjerujem da \u0107e ponovo izazvati veliku zabrinutost kod \u010dlanica PIC-a i visokog predstavnika, ali isto tako vjerujem bez ozbiljne posljedice po one koji su prijetnja miru i stabilnosti u BiH&#8221;, kazao je Salki\u0107.<\/p>\n\n\n\n<p>Poslanici u Narodnoj skup\u0161tini RS danas na posebnoj sjednici u Banjaluci razmatraju &#8220;Ocjenu rada visokog predstavnika, primjena Aneksa 10 Op\u0161teg okvirnog sporazuma za mir u BiH u periodu razgovora o imenovanju novog visokog predstavnika&#8221;, na zahtjev Milorada Dodika, predsjedavaju\u0107eg Predsjedni\u0161tva BiH.<\/p>\n","protected":false},"excerpt":{"rendered":"<p>Visoki predstavnik i OHR svojom pasivno\u0161\u0107u i izra\u017eavanjem zabrinutosti na sve pojave u bosanskohercegova\u010dkom entitetu Republika Srpska (RS) doveli su sebe u situaciju da Narodna skup\u0161tina RS-a raspravlja o njegovom radu, izjavio je danas Ramiz Salki\u0107, potpredsjednik RS-a, javlja Anadolu Agency (AA). Salki\u0107 je istakao da zbog institucionalnog polo\u017eaja Bo\u0161njaci u RS-u nisu u mogu\u0107nosti [&hellip;]<\/p>\n","protected":false},"author":59,"featured_media":24947,"comment_status":"closed","ping_status":"closed","sticky":false,"template":"","format":"standard","meta":{"inline_featured_image":false,"footnotes":""},"categories":[234],"tags":[],"class_list":{"0":"post-24946","1":"post","2":"type-post","3":"status-publish","4":"format-standard","5":"has-post-thumbnail","7":"category-politika"},"acf":[],"_links":{"self":[{"href":"https:\/\/tvsensor.com\/api\/wp\/v2\/posts\/24946","targetHints":{"allow":["GET"]}}],"collection":[{"href":"https:\/\/tvsensor.com\/api\/wp\/v2\/posts"}],"about":[{"href":"https:\/\/tvsensor.com\/api\/wp\/v2\/types\/post"}],"author":[{"embeddable":true,"href":"https:\/\/tvsensor.com\/api\/wp\/v2\/users\/59"}],"replies":[{"embeddable":true,"href":"https:\/\/tvsensor.com\/api\/wp\/v2\/comments?post=24946"}],"version-history":[{"count":1,"href":"https:\/\/tvsensor.com\/api\/wp\/v2\/posts\/24946\/revisions"}],"predecessor-version":[{"id":24948,"href":"https:\/\/tvsensor.com\/api\/wp\/v2\/posts\/24946\/revisions\/24948"}],"wp:featuredmedia":[{"embeddable":true,"href":"https:\/\/tvsensor.com\/api\/wp\/v2\/media\/24947"}],"wp:attachment":[{"href":"https:\/\/tvsensor.com\/api\/wp\/v2\/media?parent=24946"}],"wp:term":[{"taxonomy":"category","embeddable":true,"href":"https:\/\/tvsensor.com\/api\/wp\/v2\/categories?post=24946"},{"taxonomy":"post_tag","embeddable":true,"href":"https:\/\/tvsensor.com\/api\/wp\/v2\/tags?post=24946"}],"curies":[{"name":"wp","href":"https:\/\/api.w.org\/{rel}","templated":true}]}}