{"id":24907,"date":"2021-03-10T08:35:58","date_gmt":"2021-03-10T07:35:58","guid":{"rendered":"https:\/\/senzor.ba\/?p=24907"},"modified":"2024-01-15T21:39:35","modified_gmt":"2024-01-15T20:39:35","slug":"bih-antidayton-pokret-osigurao-dvije-donacije-za-osnovce-i-najmladje-pacijente-pedijatrijske-klinike","status":"publish","type":"post","link":"https:\/\/tvsensor.com\/clanak\/bih-antidayton-pokret-osigurao-dvije-donacije-za-osnovce-i-najmladje-pacijente-pedijatrijske-klinike\/","title":{"rendered":"BiH: AntiDayton pokret osigurao dvije donacije za osnovce i najmla\u0111e pacijente Pedijatrijske klinike"},"content":{"rendered":"\n<p>Predstavnici AntiDayton pokreta danas su dodijelili vrijedne stipendije u\u010denicima Osnovne \u0161kole \u201cMustafa Busulad\u017ei\u0107\u201c u Sarajevu, javlja Anadolu Agency (AA).<\/p>\n\n\n\n<p>Iz pokreta su kazali da je prvobitni cilj akcije koja se provodi u \u0161koli bio da \u010dlanstvo osigura bar tri godi\u0161nje stipendije u iznosu od po 300 KM, ali velikim odzivom je za svega nekoliko dana prikupljeno 6.600 KM koje su danas predate za stipendiranje 22 u\u010denika.<\/p>\n\n\n\n<p>&#8220;Pozivamo sve one koji su u mogu\u0107nosti da odvoje 300 KM za jedno dijete i stipendiraju ga neka se obrate \u0161koli i obraduju jednog u\u010denika u narednih godinu dana&#8221;, poru\u010dio je Nihad Ali\u010dkovi\u0107 iz AntiDayton pokreta.<\/p>\n\n\n\n<p>Predstavnici AntiDayton pokreta su danas uru\u010dili jo\u0161 jednu donaciju u vrijednosti od 950 eura i to intenzivnom odjeljenju Pedijatrijske klinike Klini\u010dkog centra Univerziteta u Sarajevu.<\/p>\n\n\n\n<p>Radi se o emulzijama za prehranu novoro\u0111en\u010dadi koja imaju problem sa primanjem maj\u010dinog mlijeka.<\/p>\n\n\n\n<p>Iz pokreta su kazali kako su pro\u0161log ljeta donirali dvije takve kutije emulzija za spa\u0161avanje jedne oboljele bebe, a da su preostali paket odlu\u010dili donirati Pedijatrijskoj klinici.<\/p>\n\n\n\n<p>&#8220;Na\u017ealost, znamo da je jako te\u0161ko nabaviti ove emulzije za bebe, a mogu \u017eivot da zna\u010de. Na\u017ealost, jako su skupe i ne mogu se nabaviti u BiH pa \u010dak ne ni u svim zemljama Evropske unije. Nismo \u017eeljeli da ovaj paket koji je doniran iz Austrije izgubi vrijednost i istekne mu rok trajanja, a nekome mo\u017ee spasiti \u017eivot. Sa\u010duvali smo ga i namijenili intenzivnoj njezi Pedijatrije da u slu\u010daju potrebe bude iskori\u0161ten u najbolje svrhe. Zahvalni smo uposlenicima Pedijatrije \u010diju ljubaznost nagla\u0161avamo s posebnim zna\u010dajem i generalnoj direktorici koja je sa zadovoljstvom prihvatila donaciju\u201c, rekao je Ali\u010dkovi\u0107.<\/p>\n","protected":false},"excerpt":{"rendered":"<p>Predstavnici AntiDayton pokreta danas su dodijelili vrijedne stipendije u\u010denicima Osnovne \u0161kole \u201cMustafa Busulad\u017ei\u0107\u201c u Sarajevu, javlja Anadolu Agency (AA). Iz pokreta su kazali da je prvobitni cilj akcije koja se provodi u \u0161koli bio da \u010dlanstvo osigura bar tri godi\u0161nje stipendije u iznosu od po 300 KM, ali velikim odzivom je za svega nekoliko dana [&hellip;]<\/p>\n","protected":false},"author":59,"featured_media":24908,"comment_status":"closed","ping_status":"closed","sticky":false,"template":"","format":"standard","meta":{"inline_featured_image":false,"footnotes":""},"categories":[52],"tags":[],"class_list":{"0":"post-24907","1":"post","2":"type-post","3":"status-publish","4":"format-standard","5":"has-post-thumbnail","7":"category-obrazovanje"},"acf":[],"_links":{"self":[{"href":"https:\/\/tvsensor.com\/api\/wp\/v2\/posts\/24907","targetHints":{"allow":["GET"]}}],"collection":[{"href":"https:\/\/tvsensor.com\/api\/wp\/v2\/posts"}],"about":[{"href":"https:\/\/tvsensor.com\/api\/wp\/v2\/types\/post"}],"author":[{"embeddable":true,"href":"https:\/\/tvsensor.com\/api\/wp\/v2\/users\/59"}],"replies":[{"embeddable":true,"href":"https:\/\/tvsensor.com\/api\/wp\/v2\/comments?post=24907"}],"version-history":[{"count":1,"href":"https:\/\/tvsensor.com\/api\/wp\/v2\/posts\/24907\/revisions"}],"predecessor-version":[{"id":24909,"href":"https:\/\/tvsensor.com\/api\/wp\/v2\/posts\/24907\/revisions\/24909"}],"wp:featuredmedia":[{"embeddable":true,"href":"https:\/\/tvsensor.com\/api\/wp\/v2\/media\/24908"}],"wp:attachment":[{"href":"https:\/\/tvsensor.com\/api\/wp\/v2\/media?parent=24907"}],"wp:term":[{"taxonomy":"category","embeddable":true,"href":"https:\/\/tvsensor.com\/api\/wp\/v2\/categories?post=24907"},{"taxonomy":"post_tag","embeddable":true,"href":"https:\/\/tvsensor.com\/api\/wp\/v2\/tags?post=24907"}],"curies":[{"name":"wp","href":"https:\/\/api.w.org\/{rel}","templated":true}]}}