{"id":24901,"date":"2021-03-09T22:02:48","date_gmt":"2021-03-09T21:02:48","guid":{"rendered":"https:\/\/senzor.ba\/?p=24901"},"modified":"2024-01-15T21:39:36","modified_gmt":"2024-01-15T20:39:36","slug":"novi-izvjestaj-kinu-smatra-odgovornom-za-genocid-nad-ujgurima","status":"publish","type":"post","link":"https:\/\/tvsensor.com\/clanak\/novi-izvjestaj-kinu-smatra-odgovornom-za-genocid-nad-ujgurima\/","title":{"rendered":"Novi izvje\u0161taj Kinu smatra odgovornom za genocid nad Ujgurima"},"content":{"rendered":"\n<p>Kina vr\u0161i genocid nad zajednicom Ujgura u svojoj autonomnoj regiji Xinjiang, navodi se u novom izvje\u0161taju objavljenom u utorak, prenosi Anadolu Agency (AA).<\/p>\n\n\n\n<p>Rije\u010d je o izvje\u0161taju pod nazivom &#8220;Genocid nad Ujgurima: Analiza kineskog kr\u0161enja Konvencije o genocidu iz 1948. godine&#8221;.<\/p>\n\n\n\n<p>Ameri\u010dki izdava\u010d &#8220;Newlines Institute&#8221; objavio je da je izvje\u0161taj zasnovan na opse\u017enoj analizi dostupnih dokaza i primjeni me\u0111unarodnog prava na dokaze utemeljene na \u010dinjenicama s terena.<\/p>\n\n\n\n<p>Stru\u010dnjaci su u izvje\u0161taju temeljito razmatrali da li Kina snosi dr\u017eavnu odgovornost za kr\u0161enje \u010dlana II Konvencije o genocidu.<\/p>\n\n\n\n<p>&#8220;Primjenom spomenutih odredbi Konvencije o genocidu na brojne iznesene dokaze, ovaj izvje\u0161taj na osnovu jasnog i uvjerljivog standarda o dokazima zaklju\u010duje da je Kina odgovorna za kr\u0161enje svake odredbe \u010dlana II Konvencije (o genocidu)&#8221;, navodi se u izvje\u0161taju.<\/p>\n\n\n\n<p>Spomenuti \u010dlan Konvencije defini\u0161e genocid kao bilo koji od navedenih djela izvr\u0161enih s namjerom da se potpuno ili djelimi\u010dno uni\u0161ti nacionalna, etni\u010dka, rasna ili vjerska grupa kao takva. Takva namjera mjeri se objektivnim standardima, uklju\u010duju\u0107i slu\u017ebene izjave, politike, op\u0107i plan, obrazac pona\u0161anja i ponovljena destruktivna djela, koja imaju logi\u010dan slijed.<\/p>\n\n\n\n<p>U izvje\u0161taju se navodi da je predsjednik Xi Jinping &#8220;pokrenuo &#8216;Narodni rat protiv terorizma&#8217; u toj regiji i podru\u010dja gdje su uglavnom koncentrisani Ujguri u\u010dinio prvu liniju fronta, tvrde\u0107i da je ekstremizam za\u017eivio u ujgurskom dru\u0161tvu&#8221;.<\/p>\n\n\n\n<p>&#8220;\u010cuvari logora navodno slijede naredbe kako bi se takav sistem zadr\u017eao sve dok &#8216;Kazahstanci, Ujguri i druge muslimanske nacionalnosti ne nestanu&#8230; dok sve muslimanske nacionalnosti ne izumru'&#8221;, navodi se u izvje\u0161taju.<\/p>\n\n\n\n<p>&#8220;Visokorangirani zvani\u010dnici naredili su da \u2018sakupe sve koji bi trebali biti sakupljeni\u2018, \u2018potpuno ih zbri\u0161u&#8230; uni\u0161te im korijen\u2018 i \u2018prekinu njihovu lozu, korijene, veze i porijeklo\u2018&#8221;, dodaje se.<\/p>\n\n\n\n<p>Kineski zvani\u010dnici &#8220;kampanju masovnog zatvaranja uspore\u0111ivali su s \u2018iskorjenjivanjem tumora\u2018 pa \u010dak i iskorjenjivanjem korova skrivenog me\u0111u usjevima, koji zahtijevaju prskanje \u2018hemikalijama kako bi ih sve pobili\u2018&#8221;.<\/p>\n\n\n\n<p>Autonomna pokrajina Xinjiang je najve\u0107a kineska pokrajina u kojoj dominantno \u017eivi muslimansko stanovni\u0161tvo koje \u010dine pripadnici turkijske etni\u010dke zajednice Ujguri i etni\u010dki Kazahstanci.<\/p>\n\n\n\n<p>Kineske organizacije za za\u0161titu ljudskih prava ve\u0107 neko vrijeme poku\u0161avaju me\u0111unarodnoj zajednici ukazati na problem ujgurske zajednice u Xinjiangu u kojem su milioni ljudi zatvoreni u logore za preobra\u017eaj i doedukaciju.<\/p>\n\n\n\n<p>Me\u0111unarodna organizacija Human Rights Watch (HRW) u izvje\u0161taju je navela kako je mnogo ljudi u Xinjiangu u protekle dvije godine zavr\u0161ilo u pritvoru u takozvanim centrima za politi\u010dku edukaciju, a rije\u010d je o osobama koje su vlasti ocijenile opasnim i protiv njih naredile takozvano preventivno policijsko djelovanje.<\/p>\n\n\n\n<p>Zvani\u010dni Peking negira postojanje takvih logora u Xinjiangu, a iz Ministarstva vanjskih poslova Kine tvrde da je rije\u010d o centrima koji se koriste isklju\u010divo za stru\u010dno obrazovanje.<\/p>\n","protected":false},"excerpt":{"rendered":"<p>Kina vr\u0161i genocid nad zajednicom Ujgura u svojoj autonomnoj regiji Xinjiang, navodi se u novom izvje\u0161taju objavljenom u utorak, prenosi Anadolu Agency (AA). Rije\u010d je o izvje\u0161taju pod nazivom &#8220;Genocid nad Ujgurima: Analiza kineskog kr\u0161enja Konvencije o genocidu iz 1948. godine&#8221;. Ameri\u010dki izdava\u010d &#8220;Newlines Institute&#8221; objavio je da je izvje\u0161taj zasnovan na opse\u017enoj analizi dostupnih [&hellip;]<\/p>\n","protected":false},"author":59,"featured_media":24902,"comment_status":"closed","ping_status":"closed","sticky":false,"template":"","format":"standard","meta":{"inline_featured_image":false,"footnotes":""},"categories":[41],"tags":[],"class_list":{"0":"post-24901","1":"post","2":"type-post","3":"status-publish","4":"format-standard","5":"has-post-thumbnail","7":"category-svijet"},"acf":[],"_links":{"self":[{"href":"https:\/\/tvsensor.com\/api\/wp\/v2\/posts\/24901","targetHints":{"allow":["GET"]}}],"collection":[{"href":"https:\/\/tvsensor.com\/api\/wp\/v2\/posts"}],"about":[{"href":"https:\/\/tvsensor.com\/api\/wp\/v2\/types\/post"}],"author":[{"embeddable":true,"href":"https:\/\/tvsensor.com\/api\/wp\/v2\/users\/59"}],"replies":[{"embeddable":true,"href":"https:\/\/tvsensor.com\/api\/wp\/v2\/comments?post=24901"}],"version-history":[{"count":1,"href":"https:\/\/tvsensor.com\/api\/wp\/v2\/posts\/24901\/revisions"}],"predecessor-version":[{"id":24903,"href":"https:\/\/tvsensor.com\/api\/wp\/v2\/posts\/24901\/revisions\/24903"}],"wp:featuredmedia":[{"embeddable":true,"href":"https:\/\/tvsensor.com\/api\/wp\/v2\/media\/24902"}],"wp:attachment":[{"href":"https:\/\/tvsensor.com\/api\/wp\/v2\/media?parent=24901"}],"wp:term":[{"taxonomy":"category","embeddable":true,"href":"https:\/\/tvsensor.com\/api\/wp\/v2\/categories?post=24901"},{"taxonomy":"post_tag","embeddable":true,"href":"https:\/\/tvsensor.com\/api\/wp\/v2\/tags?post=24901"}],"curies":[{"name":"wp","href":"https:\/\/api.w.org\/{rel}","templated":true}]}}