{"id":249,"date":"2019-01-30T21:40:53","date_gmt":"2019-01-30T21:40:53","guid":{"rendered":"https:\/\/wh449638.ispot.cc\/?p=249"},"modified":"2024-01-15T21:50:23","modified_gmt":"2024-01-15T20:50:23","slug":"makedonija-sve-blize-eu-i-nato-u","status":"publish","type":"post","link":"https:\/\/tvsensor.com\/clanak\/makedonija-sve-blize-eu-i-nato-u\/","title":{"rendered":"Makedonija sve bli\u017ee EU i NATO-u"},"content":{"rendered":"\n<p style=\"text-align:left\">Samo tri dana nakon \u0161to je Gr\u010dki parlament ratificirao sporazum Cipras \u2013 Zaev o imenu Sjeverne Makedonije, NATO je odobrio pristupni protokol za Sjevernu Makedoniju. Time su otvorena vrata za \u010dlanstvo ove zemlje u NATO-u i EU.<\/p>\n\n\n\n<p>Generalni sekretar NATO-a Jens Stoltenberg uputio je obavezni cirkulani pristupni protokol za Sjevernu Makedoniju ambasadorima Alijanse u Briselu. Gr\u010dka je obe\u0107ala da \u0107e biti prva zemlja koja \u0107e potpisati protokol, otvara put za \u010dlanstvo u Alijansi. Sjeverna Makedonija tako postaje 30. \u010dlanica Alijanse.<\/p>\n\n\n\n<p>Ovo je jo\u0161 jedna pobjeda mira u regionu ju\u017ene Evrope, koji svakim danom postaje sigurnije mjesto za \u017eivot.<\/p>\n","protected":false},"excerpt":{"rendered":"<p>Samo tri dana nakon \u0161to je Gr\u010dki parlament ratificirao sporazum Cipras \u2013 Zaev o imenu Sjeverne Makedonije, NATO je odobrio pristupni protokol za Sjevernu Makedoniju. Time su otvorena vrata za \u010dlanstvo ove zemlje u NATO-u i EU. Generalni sekretar NATO-a Jens Stoltenberg uputio je obavezni cirkulani pristupni protokol za Sjevernu Makedoniju ambasadorima Alijanse u Briselu. [&hellip;]<\/p>\n","protected":false},"author":59,"featured_media":250,"comment_status":"open","ping_status":"closed","sticky":false,"template":"","format":"standard","meta":{"inline_featured_image":false,"footnotes":""},"categories":[40,37],"tags":[],"class_list":{"0":"post-249","1":"post","2":"type-post","3":"status-publish","4":"format-standard","5":"has-post-thumbnail","7":"category-region","8":"category-vijesti"},"acf":[],"_links":{"self":[{"href":"https:\/\/tvsensor.com\/api\/wp\/v2\/posts\/249","targetHints":{"allow":["GET"]}}],"collection":[{"href":"https:\/\/tvsensor.com\/api\/wp\/v2\/posts"}],"about":[{"href":"https:\/\/tvsensor.com\/api\/wp\/v2\/types\/post"}],"author":[{"embeddable":true,"href":"https:\/\/tvsensor.com\/api\/wp\/v2\/users\/59"}],"replies":[{"embeddable":true,"href":"https:\/\/tvsensor.com\/api\/wp\/v2\/comments?post=249"}],"version-history":[{"count":1,"href":"https:\/\/tvsensor.com\/api\/wp\/v2\/posts\/249\/revisions"}],"predecessor-version":[{"id":251,"href":"https:\/\/tvsensor.com\/api\/wp\/v2\/posts\/249\/revisions\/251"}],"wp:featuredmedia":[{"embeddable":true,"href":"https:\/\/tvsensor.com\/api\/wp\/v2\/media\/250"}],"wp:attachment":[{"href":"https:\/\/tvsensor.com\/api\/wp\/v2\/media?parent=249"}],"wp:term":[{"taxonomy":"category","embeddable":true,"href":"https:\/\/tvsensor.com\/api\/wp\/v2\/categories?post=249"},{"taxonomy":"post_tag","embeddable":true,"href":"https:\/\/tvsensor.com\/api\/wp\/v2\/tags?post=249"}],"curies":[{"name":"wp","href":"https:\/\/api.w.org\/{rel}","templated":true}]}}