{"id":24898,"date":"2021-03-09T22:00:20","date_gmt":"2021-03-09T21:00:20","guid":{"rendered":"https:\/\/senzor.ba\/?p=24898"},"modified":"2024-01-15T21:39:36","modified_gmt":"2024-01-15T20:39:36","slug":"dan-vakifa-osigurana-sredstva-za-zavrsetak-izgradnje-centra-za-islamsko-obrazovanje-u-matuzicima","status":"publish","type":"post","link":"https:\/\/tvsensor.com\/clanak\/dan-vakifa-osigurana-sredstva-za-zavrsetak-izgradnje-centra-za-islamsko-obrazovanje-u-matuzicima\/","title":{"rendered":"Dan vakifa &#8211; Osigurana sredstva za zavr\u0161etak izgradnje Centra za islamsko obrazovanje u Matuzi\u0107ima"},"content":{"rendered":"\n<p>Vakufska direkcija Islamske zajednice (IZ) u Bosni i Hercegovini je u saradnji sa svojim partnerima, Generalnim sekretarijatom za vakufe i Fondacijom En-Ned\u017eat iz Kuvajta, osigurala neophodnih 1,1 milion KM za nastavak radova i zavr\u0161etak izgradnje Centra za islamsko obrazovanje u Matuzi\u0107ima, prenosi Anadolu Agency (AA).<\/p>\n\n\n\n<p>Direktor Vakufske direkcije hafiz Senaid Zajimovi\u0107 i predsjednik Med\u017elisa Islamske zajednice (MIZ) Doboj Mirsad Husakovi\u0107 danas su u Matuzi\u0107ima potpisali sporazum o donaciji navedenih sredstava, \u010dime se simboli\u010dno \u017eeljelo obilje\u017eiti i Dan vakifa.<\/p>\n\n\n\n<p>Podsje\u0107aju\u0107i da je Centar za islamsko obrazovanje izgra\u0111en na prostoru koji je nekada bio neugledna mo\u010dvara, direktor Zajimovi\u0107 je saop\u0161tio da se sada, kada su osigurana potrebna sredstva, mo\u017ee o\u010dekivati da ovaj centar bude sve\u010dano otvoren krajem ove ili po\u010detkom naredne godine.<\/p>\n\n\n\n<p>\u201cU tome su nam pomogli mnogi ljudi i \u017eelim da se, u ime svih nas, zahvalim na\u0161im prijateljima u Maleziji, kuvajtskom narodu sa kuvajtskim emirom na \u010delu, njihovom Generalnom sekretarijatu za vakufe, a koji nam poma\u017ee na velikom broju projekata, kao i svima ostalima koji su na bilo koji na\u010din doprinijeli da se izgradi ovaj centar\u201c, rekao je Zajimovi\u0107.<\/p>\n\n\n\n<p>Muftija zeni\u010dki Mevludin-ef. Dizdarevi\u0107 je naglasio kako je ovaj projekat zna\u010dajan za cijelu regiju, jer ima indirektni uticaj i na doma\u0107u ekonomiju, \u0161to je, smatra on, veoma zna\u010dajno za razvoj bosanskohercegova\u010dkog dru\u0161tva.<\/p>\n\n\n\n<p>\u201cOvaj centar je, hvala Allahu, pozicioniran na takvom mjestu da, bez ikakvih dilema, mo\u017ee biti regionalni centar za ovu op\u0107inu, Doboj Jug, ali i Doboj, Te\u0161anj, Maglaj, pa i \u0161ire. Zbog toga se \u017eelim zahvaliti svim ljudima koji su zamislili ovakav centar na ovom mjestu i svima koji su barem malo doprinijeli da izgradnja do\u0111e do ove faze\u201c, kazao je muftija Dizdarevi\u0107.<\/p>\n\n\n\n<p>Napomenuo je da je potrebno zahvaliti i onima koji su smetali u realizaciji ovog projekta, jer svojim negativnim djelovanjem podsti\u010du da se ulo\u017ee svi kapaciteti u poslu koji se radi.<\/p>\n\n\n\n<p>Ideja za izgradnju Centra za islamsko obrazovanje datira iz 2018. godine, a ve\u0107 2. oktobra iste godine polo\u017een je kamen temeljac i zapo\u010dela je izgradnja. Za ovaj projekat 300.000 KM uvakufio je dr. Ahmed Kemal Zakari iz Malezije, dok je 400.000 KM prikupljeno u akciji \u201cPostani vakif CIOM-a\u201d kada je oko 400 donatora uvakufilo po 1.000 KM tokom ramazana 2020. godine. Sa danas potpisanim sporazumom i kuvajtskom donacijom ukupna vrijednost projekta iznosi\u0107e 1.800.000 KM.<\/p>\n\n\n\n<p>Planirano je da u centru bude osnovana \u0161kola Kur\u2019ana, islamska pred\u0161kolska ustanova, obdani\u0161te, islamska multimedijalna biblioteka, kompjuterska laboratorija, u\u010dionice za mekteb, restoran, d\u017eematske kancelarije, imamski stan i drugi prate\u0107i sadr\u017eaji.<\/p>\n\n\n\n<p>\u201cOvaj centar u okviru kompleksa Kuvajtske d\u017eamije je veliki infrastrukturni projekat od historijskog zna\u010daja za MIZ Doboj, kao i sve muslimane na podru\u010dju ovog med\u017elisa. Osigurat \u0107e optimalne uslove za razvoj vjerskog \u017eivota u Doboj Jugu, pa i cijelom regionu. S ovim objektom Islamska zajednica u Doboju imat \u0107e reprezentativan objekat koji \u0107e biti ponos Islamske zajednice, a tako\u0111er i Doboj Juga\u201c, rekao je glavni imam MIZ Doboj Ibrahim-ef. Halilovi\u0107.<\/p>\n\n\n\n<p>Dodao je da im je cilj da Centar za islamsko obrazovanje u Matuzi\u0107ima bude najbolji centar za edukaciju, uz primjenu najboljih savremenih metoda podu\u010davanja i da svoje aktivnosti posveti boljitku Islamske zajednice u Bosni i Hercegovini.<\/p>\n","protected":false},"excerpt":{"rendered":"<p>Vakufska direkcija Islamske zajednice (IZ) u Bosni i Hercegovini je u saradnji sa svojim partnerima, Generalnim sekretarijatom za vakufe i Fondacijom En-Ned\u017eat iz Kuvajta, osigurala neophodnih 1,1 milion KM za nastavak radova i zavr\u0161etak izgradnje Centra za islamsko obrazovanje u Matuzi\u0107ima, prenosi Anadolu Agency (AA). Direktor Vakufske direkcije hafiz Senaid Zajimovi\u0107 i predsjednik Med\u017elisa Islamske [&hellip;]<\/p>\n","protected":false},"author":59,"featured_media":24899,"comment_status":"closed","ping_status":"closed","sticky":false,"template":"","format":"standard","meta":{"inline_featured_image":false,"footnotes":""},"categories":[57],"tags":[],"class_list":{"0":"post-24898","1":"post","2":"type-post","3":"status-publish","4":"format-standard","5":"has-post-thumbnail","7":"category-religija"},"acf":[],"_links":{"self":[{"href":"https:\/\/tvsensor.com\/api\/wp\/v2\/posts\/24898","targetHints":{"allow":["GET"]}}],"collection":[{"href":"https:\/\/tvsensor.com\/api\/wp\/v2\/posts"}],"about":[{"href":"https:\/\/tvsensor.com\/api\/wp\/v2\/types\/post"}],"author":[{"embeddable":true,"href":"https:\/\/tvsensor.com\/api\/wp\/v2\/users\/59"}],"replies":[{"embeddable":true,"href":"https:\/\/tvsensor.com\/api\/wp\/v2\/comments?post=24898"}],"version-history":[{"count":1,"href":"https:\/\/tvsensor.com\/api\/wp\/v2\/posts\/24898\/revisions"}],"predecessor-version":[{"id":24900,"href":"https:\/\/tvsensor.com\/api\/wp\/v2\/posts\/24898\/revisions\/24900"}],"wp:featuredmedia":[{"embeddable":true,"href":"https:\/\/tvsensor.com\/api\/wp\/v2\/media\/24899"}],"wp:attachment":[{"href":"https:\/\/tvsensor.com\/api\/wp\/v2\/media?parent=24898"}],"wp:term":[{"taxonomy":"category","embeddable":true,"href":"https:\/\/tvsensor.com\/api\/wp\/v2\/categories?post=24898"},{"taxonomy":"post_tag","embeddable":true,"href":"https:\/\/tvsensor.com\/api\/wp\/v2\/tags?post=24898"}],"curies":[{"name":"wp","href":"https:\/\/api.w.org\/{rel}","templated":true}]}}