{"id":24890,"date":"2021-03-09T12:15:15","date_gmt":"2021-03-09T11:15:15","guid":{"rendered":"https:\/\/senzor.ba\/?p=24890"},"modified":"2024-01-15T21:39:36","modified_gmt":"2024-01-15T20:39:36","slug":"na-danasnji-dan-rodjen-je-zaim-muzaferija","status":"publish","type":"post","link":"https:\/\/tvsensor.com\/clanak\/na-danasnji-dan-rodjen-je-zaim-muzaferija\/","title":{"rendered":"Na dana\u0161nji dan ro\u0111en je Zaim Muzaferija"},"content":{"rendered":"\n<p>Na dana\u0161nji dan, 9. marta 1923. godine u Visokom, ro\u0111en je poznati bosanskohercegova\u010dki glumac&nbsp;<strong>Zaim Muzaferija.<\/strong><\/p>\n\n\n\n<p>Filmski, televizijski i teatarski glumac penziju je stekao kao profesor njema\u010dkog i francuskog jezika. Preminuo je&nbsp;<strong>5. novembra 2003. godine.<\/strong><\/p>\n\n\n\n<p>Muzaferija je ostvario\u00a0vi\u0161e od \u0161ezdeset uloga u filmu i televiziji.\u00a0<\/p>\n\n\n\n<p>Po\u010deci njegovog gluma\u010dkog rada se\u017eu jo\u0161 u gimnazijske dane kada je radio kao &#8220;\u0161apta\u010d&#8221;. Kasnije se opredijelio za re\u017eiju i re\u017eirao oko osamdeset pozori\u0161nih komada u Amaterskom pozori\u0161tu Visoko. <\/p>\n\n\n\n<p>Prvu nagradu dobio je na Prvom festivalu amaterskih pozori\u0161ta BiH u Travniku, i to za re\u017eiju predstave Dnevnik Ane Frank. Nakon toga seli se u Travnik gdje je preuzeo tamo\u0161nje Amatersko pozori\u0161te. U februaru 1961. godine ostvario je prvu filmsku ulogu u filmu Veljka Bulaji\u0107a Uzavreli grad, gdje je imao epizodnu ulogu. Za ulogu u tom filmu nagra\u0111en je specijalnom nagradom na festivalu u Puli. <\/p>\n\n\n\n<p>Njegova gluma\u010dka karijera prete\u017eno je protekla u epizodnim ulogama, ali one su ostavljale dublji trag negoli neke glavne uloge.<\/p>\n\n\n\n<figure class=\"wp-block-embed is-type-video is-provider-youtube wp-block-embed-youtube wp-embed-aspect-4-3 wp-has-aspect-ratio\"><div class=\"wp-block-embed__wrapper\">\n<iframe loading=\"lazy\" title=\"Ovo malo duse - scena-kako je zena za*ebala covjeka\" width=\"696\" height=\"522\" src=\"https:\/\/www.youtube.com\/embed\/Nm5ll5pKaUc?feature=oembed\" frameborder=\"0\" allow=\"accelerometer; autoplay; clipboard-write; encrypted-media; gyroscope; picture-in-picture\" allowfullscreen><\/iframe>\n<\/div><\/figure>\n\n\n\n<p>Igrao je uglavnom rusti\u010dne likove plemenite naravi, a posebno su se isticale nagra\u0111ivani filmovi&nbsp;<em>Praznik<\/em>&nbsp;(1967)&nbsp;<strong>\u0110or\u0111a Kadijevi\u0107a<\/strong>&nbsp;i&nbsp;<em>Mali vojnici<\/em>&nbsp;(1968)&nbsp;<strong>Bate \u010cengi\u0107a<\/strong>.&nbsp;<\/p>\n\n\n\n<p>Za ulogu podvornika u filmu&nbsp;<em>Stanica obi\u010dnih vozova<\/em>&nbsp;<strong>Nenada Dizdarevi\u0107a<\/strong>&nbsp;dobio je 1990. Zlatnu arenu na Pulskom festivalu.<\/p>\n\n\n\n<p>Posebno zna\u010dajnu ulogu ostvario je u TV-drami&nbsp;<em>Jago\u0161 i Uglje\u0161a<\/em>&nbsp;<strong>Bate \u010cangi\u0107a<\/strong>, a najdra\u017ee su mu uloge bile u filmovima&nbsp;<em>\u017dena s krajolikom<\/em>&nbsp;<strong>Ivice Mati\u0107a<\/strong>&nbsp;i&nbsp;<em>Ovo malo du\u0161e&nbsp;<\/em><strong>Ademira Kenovi\u0107a.<\/strong><\/p>\n\n\n\n<figure class=\"wp-block-embed is-type-video is-provider-youtube wp-block-embed-youtube wp-embed-aspect-4-3 wp-has-aspect-ratio\"><div class=\"wp-block-embed__wrapper\">\n<iframe loading=\"lazy\" title=\"Zaim Muzaferija\" width=\"696\" height=\"522\" src=\"https:\/\/www.youtube.com\/embed\/Q_joc9a9Jig?feature=oembed\" frameborder=\"0\" allow=\"accelerometer; autoplay; clipboard-write; encrypted-media; gyroscope; picture-in-picture\" allowfullscreen><\/iframe>\n<\/div><\/figure>\n","protected":false},"excerpt":{"rendered":"<p>Na dana\u0161nji dan, 9. marta 1923. godine u Visokom, ro\u0111en je poznati bosanskohercegova\u010dki glumac&nbsp;Zaim Muzaferija. Filmski, televizijski i teatarski glumac penziju je stekao kao profesor njema\u010dkog i francuskog jezika. Preminuo je&nbsp;5. novembra 2003. godine. Muzaferija je ostvario\u00a0vi\u0161e od \u0161ezdeset uloga u filmu i televiziji.\u00a0 Po\u010deci njegovog gluma\u010dkog rada se\u017eu jo\u0161 u gimnazijske dane kada je [&hellip;]<\/p>\n","protected":false},"author":59,"featured_media":24892,"comment_status":"closed","ping_status":"closed","sticky":false,"template":"","format":"standard","meta":{"inline_featured_image":false,"footnotes":""},"categories":[47,46],"tags":[],"class_list":{"0":"post-24890","1":"post","2":"type-post","3":"status-publish","4":"format-standard","5":"has-post-thumbnail","7":"category-historija","8":"category-kultura"},"acf":[],"_links":{"self":[{"href":"https:\/\/tvsensor.com\/api\/wp\/v2\/posts\/24890","targetHints":{"allow":["GET"]}}],"collection":[{"href":"https:\/\/tvsensor.com\/api\/wp\/v2\/posts"}],"about":[{"href":"https:\/\/tvsensor.com\/api\/wp\/v2\/types\/post"}],"author":[{"embeddable":true,"href":"https:\/\/tvsensor.com\/api\/wp\/v2\/users\/59"}],"replies":[{"embeddable":true,"href":"https:\/\/tvsensor.com\/api\/wp\/v2\/comments?post=24890"}],"version-history":[{"count":4,"href":"https:\/\/tvsensor.com\/api\/wp\/v2\/posts\/24890\/revisions"}],"predecessor-version":[{"id":24897,"href":"https:\/\/tvsensor.com\/api\/wp\/v2\/posts\/24890\/revisions\/24897"}],"wp:featuredmedia":[{"embeddable":true,"href":"https:\/\/tvsensor.com\/api\/wp\/v2\/media\/24892"}],"wp:attachment":[{"href":"https:\/\/tvsensor.com\/api\/wp\/v2\/media?parent=24890"}],"wp:term":[{"taxonomy":"category","embeddable":true,"href":"https:\/\/tvsensor.com\/api\/wp\/v2\/categories?post=24890"},{"taxonomy":"post_tag","embeddable":true,"href":"https:\/\/tvsensor.com\/api\/wp\/v2\/tags?post=24890"}],"curies":[{"name":"wp","href":"https:\/\/api.w.org\/{rel}","templated":true}]}}