{"id":24886,"date":"2021-03-09T10:10:40","date_gmt":"2021-03-09T09:10:40","guid":{"rendered":"https:\/\/senzor.ba\/?p=24886"},"modified":"2024-01-15T21:39:36","modified_gmt":"2024-01-15T20:39:36","slug":"novi-rast-cijena-poskupljuje-psenica-samim-tim-i-brasno","status":"publish","type":"post","link":"https:\/\/tvsensor.com\/clanak\/novi-rast-cijena-poskupljuje-psenica-samim-tim-i-brasno\/","title":{"rendered":"Novi rast cijena: Poskupljuje p\u0161enica, samim tim i bra\u0161no"},"content":{"rendered":"\n<p><strong>Za o\u010dekivati je da u narednom periodu do\u0111e do skoka cijena p\u0161enice, a samim tim se o\u010dekuju vi\u0161e cijene bra\u0161na, isti\u010du mlinari, ali i poljoprivrednici iz BiH.<\/strong><\/p>\n\n\n\n<p>Radenko Pelemi\u0161, predsjednik Udru\u017eenja mlinara i pekara regije Bijeljina, ka\u017ee da je u prethodnom periodu zabilje\u017een skok cijene p\u0161enice te da se i u narednom o\u010dekuje isti trend.<\/p>\n\n\n\n<p>&#8211; Ukoliko to poskupljenje ne bude drasti\u010dno, pekari ne bi trebalo da podi\u017eu cijene svojih proizvoda \u2013 kazao je Pelemi\u0161.<\/p>\n\n\n\n<p>Prema njegovim rije\u010dima, u posljednje vrijeme do\u0161lo je i do poskupljenja goriva i to je sigurno uticalo na samu proizvodnju.<\/p>\n\n\n\n<p>&#8211; Ukoliko ne bude preveliki rast cijene p\u0161enice, mi \u0107emo poku\u0161ati da zadr\u017eimo iste cijene pekarskih proizvoda, ali ako ne \u2013 mora\u0107emo da ih korigujemo \u2013 kazao je Pelemi\u0161 i dodao da i pekari moraju raditi rentabilno te da ne mogu da posluju u minisu.<\/p>\n\n\n\n<p>Zoran Kos, predsjednik Udru\u017eenja mlinara RS, kazao je da je cijena bra\u0161na u zadnje vrijeme porasla od dva do \u010detiri feninga po kilogramu. <\/p>\n\n\n\n<p>&#8211; Ukoliko do\u0111e do rasta cijena p\u0161enice, sigurno je da \u0107e i bra\u0161na da poskupi, mada se s ovim sada\u0161njim cijenama p\u0161enice ne mo\u017ee o\u010dekivati da do\u0111e do poskupljenja bra\u0161na \u2013 kazao je Kos.<\/p>\n\n\n\n<p>Da je zabilje\u017eeno poskupljenje p\u0161enice, isti\u010de i Stojan Marinkovi\u0107, predsjednik Saveza poljoprivrednih proizvo\u0111a\u010da RS, koji ka\u017ee da su u prethodnom periodu primjetne ve\u0107e cijene te da je ona sada 40 feninga po kilogramu.<\/p>\n\n\n\n<p>Da je o\u010dekivati ve\u0107e cijene p\u0161enice i u Federaciji BiH, smatra i Ned\u017ead Bi\u0107o, predsjednik Udru\u017eenja poljoprivrednika FBiH, koji ka\u017ee da su prognoze takve da je pitanje dana kada \u0107e biti zabilje\u017een rast.<\/p>\n\n\n\n<p>&#8211; Naravno da \u0107e cijena p\u0161enica porasti, a samim tim o\u010dekujemo i poskupljenje bra\u0161na. Mi svu na\u0161u p\u0161enicu izvezemo za neke male pare i onda se bavimo uvozom \u2013 ka\u017ee Bi\u0107o.<\/p>\n\n\n\n<p>Prema njegovim rije\u010dima, u FBiH vre\u0107a bra\u0161na od 25 kg ko\u0161ta od 15 do 25 KM, zavisno od proizvo\u0111a\u010da i tipa bra\u0161na.<\/p>\n\n\n\n<p>Murisa Mari\u0107, izvr\u0161na direktorica Udru\u017eenja potro\u0161a\u010da \u201cDon\u201d Prijedor, ka\u017ee da je \u010dim je do\u0161lo do poskupljenja goriva bilo za o\u010dekivati i ve\u0107e cijene ostalih osnovnih \u017eivotnih namirnica.<\/p>\n\n\n\n<p>&#8211; Svako poskupljenje je ogroman udar na d\u017eep potro\u0161a\u010da, a posebno zato \u0161to smo svjesni da ni penzije, a ni plate nisu i\u0161le gore, re\u017eije su ina\u010de previsoke, tako da je sigurno jedan te\u017eak period ispred nas \u2013 kazala je Mari\u0107eva.<\/p>\n\n\n\n<p>Dodala je da u ovoj godini bilje\u017eimo samo poskupljenja, koja se najvi\u0161e odnose na potro\u0161a\u010de.<\/p>\n\n\n\n<p>&#8211; Sigurno da je poskupljenje najve\u0107i udar na penzionere, ali i na one ljude koji ionako te\u0161ko \u017eive te da \u0107e svako poskupljenje osnovnih \u017eivotnih namirnica morati i\u0107i na u\u0161trb ne\u010deg drugog \u2013 isti\u010de Mari\u0107eva.<\/p>\n","protected":false},"excerpt":{"rendered":"<p>Za o\u010dekivati je da u narednom periodu do\u0111e do skoka cijena p\u0161enice, a samim tim se o\u010dekuju vi\u0161e cijene bra\u0161na, isti\u010du mlinari, ali i poljoprivrednici iz BiH. Radenko Pelemi\u0161, predsjednik Udru\u017eenja mlinara i pekara regije Bijeljina, ka\u017ee da je u prethodnom periodu zabilje\u017een skok cijene p\u0161enice te da se i u narednom o\u010dekuje isti trend. [&hellip;]<\/p>\n","protected":false},"author":59,"featured_media":24887,"comment_status":"closed","ping_status":"closed","sticky":false,"template":"","format":"standard","meta":{"inline_featured_image":false,"footnotes":""},"categories":[43,42],"tags":[],"class_list":{"0":"post-24886","1":"post","2":"type-post","3":"status-publish","4":"format-standard","5":"has-post-thumbnail","7":"category-bih","8":"category-ekonomija"},"acf":[],"_links":{"self":[{"href":"https:\/\/tvsensor.com\/api\/wp\/v2\/posts\/24886","targetHints":{"allow":["GET"]}}],"collection":[{"href":"https:\/\/tvsensor.com\/api\/wp\/v2\/posts"}],"about":[{"href":"https:\/\/tvsensor.com\/api\/wp\/v2\/types\/post"}],"author":[{"embeddable":true,"href":"https:\/\/tvsensor.com\/api\/wp\/v2\/users\/59"}],"replies":[{"embeddable":true,"href":"https:\/\/tvsensor.com\/api\/wp\/v2\/comments?post=24886"}],"version-history":[{"count":1,"href":"https:\/\/tvsensor.com\/api\/wp\/v2\/posts\/24886\/revisions"}],"predecessor-version":[{"id":24888,"href":"https:\/\/tvsensor.com\/api\/wp\/v2\/posts\/24886\/revisions\/24888"}],"wp:featuredmedia":[{"embeddable":true,"href":"https:\/\/tvsensor.com\/api\/wp\/v2\/media\/24887"}],"wp:attachment":[{"href":"https:\/\/tvsensor.com\/api\/wp\/v2\/media?parent=24886"}],"wp:term":[{"taxonomy":"category","embeddable":true,"href":"https:\/\/tvsensor.com\/api\/wp\/v2\/categories?post=24886"},{"taxonomy":"post_tag","embeddable":true,"href":"https:\/\/tvsensor.com\/api\/wp\/v2\/tags?post=24886"}],"curies":[{"name":"wp","href":"https:\/\/api.w.org\/{rel}","templated":true}]}}