{"id":24883,"date":"2021-03-08T19:11:56","date_gmt":"2021-03-08T18:11:56","guid":{"rendered":"https:\/\/senzor.ba\/?p=24883"},"modified":"2024-01-15T21:39:36","modified_gmt":"2024-01-15T20:39:36","slug":"zbanic-i-angelina-jolie-majke-srebrenice-zasluzuju-nobelovu-nagradu-za-mir","status":"publish","type":"post","link":"https:\/\/tvsensor.com\/clanak\/zbanic-i-angelina-jolie-majke-srebrenice-zasluzuju-nobelovu-nagradu-za-mir\/","title":{"rendered":"\u017dbani\u0107 i Angelina Jolie: Majke Srebrenice zaslu\u017euju Nobelovu nagradu za mir"},"content":{"rendered":"\n<p>\u010casopis Time objavio je razgovor glumice Angeline Jolie sa na\u0161om rediteljicom Jasmilom \u017dbani\u0107. Govorile su o ratu u BiH, Majkama Srebrenice i bh. kandidatu za Oscara &#8211; filmu &#8220;Quo Vadis, Aida?&#8221;.\u017dbani\u0107 se u po\u010detku razgovora prisje\u0107a po\u010detka rata u BiH, govore\u0107i kako je tada imala 17 godina. Na prvu ju je obradovala \u010dinjenica da je \u0161kolska nastava otkazana. No, uskoro su ljudi oko nje po\u010deli umirati, ponestalo je hrane i struja je isklju\u010dena. Sve se promijenilo i ljudi su po\u010deli druga\u010dije posmatrati \u017eivot.<\/p>\n\n\n\n<p>Dodala je kako je zbog ratnih de\u0161avanja bila prisiljena odrasti preko no\u0107i, te da je spas prona\u0161la u umjetnosti i filmu.<\/p>\n\n\n\n<p>&#8220;Srebrenica je univerzalna tragedija. Iako je od genocida pro\u0161lo 26 godina, ta tragedija i dalje predstavlja ogromnu traumu za sve ljude s ovih prostora. To je vrlo bolna tema i morali smo kriti da snimamo film jer vjerujem da bi mnogi politi\u010dari poku\u0161ali na neki na\u010din iskoristiti ovo ostvarenje. Osim toga, bilo je vrlo te\u0161ko finansirati snimanje. Svi su govorili kako niko ne\u0107e htjeti da gleda film o genocidu. Pored toga, meni je kao \u017eeni na Balkanu bilo deset puta te\u017ee napraviti film. Obradovala me \u010dinjenica da se film svidio publici, da ih je rasplakao&#8230;&#8221;, rekla je \u017dbani\u0107.<\/p>\n\n\n\n<p>Rediteljica dodaje kako je te\u0161ko uop\u0107e poku\u0161ati zamisliti bol koju majke Srebrenice osje\u0107aju gotovo tri decenije. Isti\u010de kako je upoznala \u017eenu koja je u genocidu izgubila 40 mu\u0161kih \u010dlanova porodice: sinove, mu\u017ea, bra\u0107u, ro\u0111ake, oca, djeda&#8230; Tri generacije su ubijene: &#8220;Gubitak je ogroman, kao i \u0161upljine koje je genocid ostavio u srcima porodica \u017ertava&#8221;.<\/p>\n\n\n\n<p>\u017dbani\u0107 ka\u017ee kako veliki broj majki nastavlja \u017eivjeti samo zato jer \u017eele prona\u0107i i sahraniti ostatke najmilijih.<\/p>\n\n\n\n<p>&#8220;Nikad nisu tra\u017eile osvetu. Ula\u017eu svu svoju energiju kako bi se izborile za istinu i pravdu. To je jedini na\u010din da izgrade mir. \u010cak i nakon ovakve tragedije, one promovi\u0161u ideju su\u017eivota i ljubavi&#8221;, ka\u017ee, te dodaje kako majke Srebrenice zaslu\u017euju Nobelovu nagradu za mir jer predstavljaju jedinstvenu silu mirotvoraca.<\/p>\n\n\n\n<p>Jolie dodaje kako je to lijepa ideja, nada se da \u0107e biti implementirana te \u0107e na taj na\u010din bar malo pomo\u0107i u lije\u010denju ratnih trauma. \u017dbani\u0107 je potvrdno odgovorila dodav\u0161i kako je bol jo\u0161 uvijek preduboka i kako \u0107e traume biti zalije\u010dene tek onda kada istina bude op\u0107eprihva\u0107ena.<\/p>\n\n\n\n<p>&#8220;Vjerujem da filmovi mogu promijeniti svijet. \u010cak i ako ovaj film promijeni samo jednu osobu i natjera je da vi\u0161e ne povrije\u0111uje druge ljude &#8211; to predstavlja uspjeh&#8221;, zaklju\u010duje \u017dbani\u0107.<\/p>\n","protected":false},"excerpt":{"rendered":"<p>\u010casopis Time objavio je razgovor glumice Angeline Jolie sa na\u0161om rediteljicom Jasmilom \u017dbani\u0107. Govorile su o ratu u BiH, Majkama Srebrenice i bh. kandidatu za Oscara &#8211; filmu &#8220;Quo Vadis, Aida?&#8221;.\u017dbani\u0107 se u po\u010detku razgovora prisje\u0107a po\u010detka rata u BiH, govore\u0107i kako je tada imala 17 godina. Na prvu ju je obradovala \u010dinjenica da je [&hellip;]<\/p>\n","protected":false},"author":59,"featured_media":24884,"comment_status":"closed","ping_status":"closed","sticky":false,"template":"","format":"standard","meta":{"inline_featured_image":false,"footnotes":""},"categories":[46,53],"tags":[],"class_list":{"0":"post-24883","1":"post","2":"type-post","3":"status-publish","4":"format-standard","5":"has-post-thumbnail","7":"category-kultura","8":"category-magazin"},"acf":[],"_links":{"self":[{"href":"https:\/\/tvsensor.com\/api\/wp\/v2\/posts\/24883","targetHints":{"allow":["GET"]}}],"collection":[{"href":"https:\/\/tvsensor.com\/api\/wp\/v2\/posts"}],"about":[{"href":"https:\/\/tvsensor.com\/api\/wp\/v2\/types\/post"}],"author":[{"embeddable":true,"href":"https:\/\/tvsensor.com\/api\/wp\/v2\/users\/59"}],"replies":[{"embeddable":true,"href":"https:\/\/tvsensor.com\/api\/wp\/v2\/comments?post=24883"}],"version-history":[{"count":1,"href":"https:\/\/tvsensor.com\/api\/wp\/v2\/posts\/24883\/revisions"}],"predecessor-version":[{"id":24885,"href":"https:\/\/tvsensor.com\/api\/wp\/v2\/posts\/24883\/revisions\/24885"}],"wp:featuredmedia":[{"embeddable":true,"href":"https:\/\/tvsensor.com\/api\/wp\/v2\/media\/24884"}],"wp:attachment":[{"href":"https:\/\/tvsensor.com\/api\/wp\/v2\/media?parent=24883"}],"wp:term":[{"taxonomy":"category","embeddable":true,"href":"https:\/\/tvsensor.com\/api\/wp\/v2\/categories?post=24883"},{"taxonomy":"post_tag","embeddable":true,"href":"https:\/\/tvsensor.com\/api\/wp\/v2\/tags?post=24883"}],"curies":[{"name":"wp","href":"https:\/\/api.w.org\/{rel}","templated":true}]}}