{"id":24870,"date":"2021-03-08T16:42:52","date_gmt":"2021-03-08T15:42:52","guid":{"rendered":"https:\/\/senzor.ba\/?p=24870"},"modified":"2024-01-15T21:39:36","modified_gmt":"2024-01-15T20:39:36","slug":"sanjin-kodric-odgovorio-ivani-maric-primjerkom-lista-bosnjak-iz-1891","status":"publish","type":"post","link":"https:\/\/tvsensor.com\/clanak\/sanjin-kodric-odgovorio-ivani-maric-primjerkom-lista-bosnjak-iz-1891\/","title":{"rendered":"Sanjin Kodri\u0107 odgovorio Ivani Mari\u0107 primjerkom lista \u2018Bo\u0161njak\u2019 iz 1891."},"content":{"rendered":"\n<p>Ivana Mari\u0107, kandidatkinja Na\u0161e stranke za dogradona\u010delnicu Sarajeva optu\u017eila je Bo\u0161njake na jednoj konferenciji u Londonu od prije tri godine da su izmislili ime nacije.<\/p>\n\n\n\n<p>Ona je na konferenciji u Londonu, poja\u0161njavaju\u0107i razlike me\u0111u narodima u BiH i vjeram, kazala kako su pravoslavci uglavnom Srbi, kako su katolici uglavnom Hrvati, dok su muslimani sebe nazvali Bo\u0161njacima kako ne bi bili samo muslimani, kako su samo izmislili taj naziv.<\/p>\n\n\n\n<p>\u201cTo je ne\u0161to novo \u0161to su oni otkrili samo da imaju ne\u0161to, ne samo muslimani\u201d, kazala je Mari\u0107.<\/p>\n\n\n\n<p>Da termin Bo\u0161njak nije izmi\u0161ljen, kako Mari\u0107 ka\u017ee, da bi i muslimani imali ne\u0161to, pokazuje i postojanje lista Bo\u0161njak jo\u0161 prije 130 godina.<\/p>\n\n\n\n<p>Univerzitetski profesor i predsjednik Preporoda Sanjin Kodri\u0107, na originalan na\u010din je odgovorio na mr\u017enju Ivane Mari\u0107 objavljuju\u0107i sliku lista Bo\u0161njak iz 1891.godine.<\/p>\n\n\n\n<p>List \u201cBo\u0161njak\u201d pokrenuli su 1891. godine bo\u0161nja\u010dki intelektualci koji su se okupili oko Mehmed-bega Kapetanovi\u0107a Ljubu\u0161aka. Za ovaj list pisali su i velikani kao \u0161tu su Musa \u0106azim \u0106ati\u0107 i Safvet-beg Ba\u0161agi\u0107.<\/p>\n","protected":false},"excerpt":{"rendered":"<p>Ivana Mari\u0107, kandidatkinja Na\u0161e stranke za dogradona\u010delnicu Sarajeva optu\u017eila je Bo\u0161njake na jednoj konferenciji u Londonu od prije tri godine da su izmislili ime nacije. Ona je na konferenciji u Londonu, poja\u0161njavaju\u0107i razlike me\u0111u narodima u BiH i vjeram, kazala kako su pravoslavci uglavnom Srbi, kako su katolici uglavnom Hrvati, dok su muslimani sebe nazvali [&hellip;]<\/p>\n","protected":false},"author":59,"featured_media":24871,"comment_status":"closed","ping_status":"closed","sticky":false,"template":"","format":"standard","meta":{"inline_featured_image":false,"footnotes":""},"categories":[47],"tags":[],"class_list":{"0":"post-24870","1":"post","2":"type-post","3":"status-publish","4":"format-standard","5":"has-post-thumbnail","7":"category-historija"},"acf":[],"_links":{"self":[{"href":"https:\/\/tvsensor.com\/api\/wp\/v2\/posts\/24870","targetHints":{"allow":["GET"]}}],"collection":[{"href":"https:\/\/tvsensor.com\/api\/wp\/v2\/posts"}],"about":[{"href":"https:\/\/tvsensor.com\/api\/wp\/v2\/types\/post"}],"author":[{"embeddable":true,"href":"https:\/\/tvsensor.com\/api\/wp\/v2\/users\/59"}],"replies":[{"embeddable":true,"href":"https:\/\/tvsensor.com\/api\/wp\/v2\/comments?post=24870"}],"version-history":[{"count":1,"href":"https:\/\/tvsensor.com\/api\/wp\/v2\/posts\/24870\/revisions"}],"predecessor-version":[{"id":24872,"href":"https:\/\/tvsensor.com\/api\/wp\/v2\/posts\/24870\/revisions\/24872"}],"wp:featuredmedia":[{"embeddable":true,"href":"https:\/\/tvsensor.com\/api\/wp\/v2\/media\/24871"}],"wp:attachment":[{"href":"https:\/\/tvsensor.com\/api\/wp\/v2\/media?parent=24870"}],"wp:term":[{"taxonomy":"category","embeddable":true,"href":"https:\/\/tvsensor.com\/api\/wp\/v2\/categories?post=24870"},{"taxonomy":"post_tag","embeddable":true,"href":"https:\/\/tvsensor.com\/api\/wp\/v2\/tags?post=24870"}],"curies":[{"name":"wp","href":"https:\/\/api.w.org\/{rel}","templated":true}]}}