{"id":24869,"date":"2021-03-08T16:49:36","date_gmt":"2021-03-08T15:49:36","guid":{"rendered":"https:\/\/senzor.ba\/?p=24869"},"modified":"2024-01-15T21:39:36","modified_gmt":"2024-01-15T20:39:36","slug":"ukusnim-kolacicima-hose-komerc-cestitao-zenama-8-mart","status":"publish","type":"post","link":"https:\/\/tvsensor.com\/clanak\/ukusnim-kolacicima-hose-komerc-cestitao-zenama-8-mart\/","title":{"rendered":"Ukusnim kola\u010di\u0107ima Ho\u0161e komerc \u010destitao \u017eenama 8. mart"},"content":{"rendered":"\n<p>Podjelom ukusnih kola\u010di\u0107a ispe\u010denih u Tvornici slastica, a posebno upakovanim uz prigodnu \u010destitku, Ho\u0161e komerc d.o.o. Sarajevo po\u017eelio je svim \u017eenama sretan 8. mart. U uvjetima pandemije \u017eene su pokazale veliku hrabrost i po\u017ertvovanost brinu\u0107i se za svoje porodice i bore\u0107i se na svojim radnim mjestima. Ovo je samo jedna simboli\u010dna gesta koja dolazi ovaj put u posebnom trenutku, ali koju Ho\u0161e komerc u razli\u010ditim okolnostima ve\u0107 godinama pokazuje, isti\u010de se u saop\u0107enju za medije ovog doma\u0107eg trgova\u010dkog lanca sa najdu\u017eom tradicijom. <\/p>\n\n\n\n<p>\u00abU proteklih godinu dana svima nama nije bilo lahko, a \u017eenama pogotovo. I ovaj put su pokazale posebnu snagu i empatiju za svoje najbli\u017ee, na poslovima koje svakodnevno obavljaju, u kom\u0161iluku. Vrlo \u010desto \u017eene su na prvoj liniji, a u okolnostima pandemije upravo one su ponijele najve\u0107i teret borbe za zdravlje i \u017eivote ljudi, ali i za radna mjesta. Ho\u0161e komerc ve\u0107 tradicionalno obilje\u017eava 8. mart sa prigodnim poklonima. Trudimo se da ovom simboli\u010dkom gestom uka\u017eemo na zna\u010daj i polo\u017eaj \u017eena u na\u0161em dru\u0161tvu. Ve\u0107ina na\u0161ih kupaca su \u017eene, stekli smo njihovo povjerenje iza kojeg stoje iskrene namjere da svim \u017eenama budemo na usluzi svaki dan. U to ime, Ho\u0161e komerc \u010destita svim \u017eenama, majkama i posebno na\u0161im nanama sretan 8. mart\u00bb, izjavila je Amela Frlj zamjenica direktora maloprodaje u Ho\u0161e komercu. <\/p>\n\n\n\n<p>Kriza uzrokovana pandemijom je ostavila traga, me\u0111utim nije se zna\u010dajnije odrazila na stabilnost i razvoj kompanije. Ispla\u0107ene su sve pla\u0107e i regres, a izmirene su i sve obaveze prema dr\u017eavi \u0161to uklju\u010duje pla\u0107anje direktnih i indirektnih poreza. <\/p>\n\n\n\n<p>U 2021. godini kompanija nastavlja sa investicijama i to u upravo u Tvornicu slastica. U planu je dalje pove\u0107anje uposlenih u proizvodnji. Kupci su prepoznali kvalitet koji isporu\u010dujemo iz Tvornice slastica koja vrijedi za jednu od najsavremenijih u ovom dijelu Evrope, sa standardom na vrlo visokom nivou i zavidnim kapacitetom proizvodnje. <\/p>\n\n\n\n<p>Prva prodavnica Ho\u0161e komerca osnovana je davne 1979. godine, kao dio porodi\u010dnog biznisa, i kao takav je doma\u0107i trgova\u010dki lanac sa najdu\u017eom tradicijom u Bosni i Hercegovini. Ho\u0161e komerc d.o.o zapo\u0161ljava 237 radnica i radnika, posjeduje 9 prodavnica, i sve su na podru\u010dju Kantona Sarajevo. <\/p>\n\n\n\n<p>Ho\u0161e komerc \u2013 Mjesto koje volim!<\/p>\n","protected":false},"excerpt":{"rendered":"<p>Podjelom ukusnih kola\u010di\u0107a ispe\u010denih u Tvornici slastica, a posebno upakovanim uz prigodnu \u010destitku, Ho\u0161e komerc d.o.o. Sarajevo po\u017eelio je svim \u017eenama sretan 8. mart. U uvjetima pandemije \u017eene su pokazale veliku hrabrost i po\u017ertvovanost brinu\u0107i se za svoje porodice i bore\u0107i se na svojim radnim mjestima. Ovo je samo jedna simboli\u010dna gesta koja dolazi ovaj [&hellip;]<\/p>\n","protected":false},"author":59,"featured_media":24873,"comment_status":"closed","ping_status":"closed","sticky":false,"template":"","format":"standard","meta":{"inline_featured_image":false,"footnotes":""},"categories":[38],"tags":[],"class_list":{"0":"post-24869","1":"post","2":"type-post","3":"status-publish","4":"format-standard","5":"has-post-thumbnail","7":"category-vijesti-iz-bih"},"acf":[],"_links":{"self":[{"href":"https:\/\/tvsensor.com\/api\/wp\/v2\/posts\/24869","targetHints":{"allow":["GET"]}}],"collection":[{"href":"https:\/\/tvsensor.com\/api\/wp\/v2\/posts"}],"about":[{"href":"https:\/\/tvsensor.com\/api\/wp\/v2\/types\/post"}],"author":[{"embeddable":true,"href":"https:\/\/tvsensor.com\/api\/wp\/v2\/users\/59"}],"replies":[{"embeddable":true,"href":"https:\/\/tvsensor.com\/api\/wp\/v2\/comments?post=24869"}],"version-history":[{"count":1,"href":"https:\/\/tvsensor.com\/api\/wp\/v2\/posts\/24869\/revisions"}],"predecessor-version":[{"id":24874,"href":"https:\/\/tvsensor.com\/api\/wp\/v2\/posts\/24869\/revisions\/24874"}],"wp:featuredmedia":[{"embeddable":true,"href":"https:\/\/tvsensor.com\/api\/wp\/v2\/media\/24873"}],"wp:attachment":[{"href":"https:\/\/tvsensor.com\/api\/wp\/v2\/media?parent=24869"}],"wp:term":[{"taxonomy":"category","embeddable":true,"href":"https:\/\/tvsensor.com\/api\/wp\/v2\/categories?post=24869"},{"taxonomy":"post_tag","embeddable":true,"href":"https:\/\/tvsensor.com\/api\/wp\/v2\/tags?post=24869"}],"curies":[{"name":"wp","href":"https:\/\/api.w.org\/{rel}","templated":true}]}}