{"id":24863,"date":"2021-03-08T16:25:54","date_gmt":"2021-03-08T15:25:54","guid":{"rendered":"https:\/\/senzor.ba\/?p=24863"},"modified":"2024-01-15T21:39:37","modified_gmt":"2024-01-15T20:39:37","slug":"data-saglasnost-na-izvodjenje-radova-rekonstrukcije-i-nadogradnje-postojecih-objekata-u-krugu-ju-kantonalna-bolnica-zenica","status":"publish","type":"post","link":"https:\/\/tvsensor.com\/clanak\/data-saglasnost-na-izvodjenje-radova-rekonstrukcije-i-nadogradnje-postojecih-objekata-u-krugu-ju-kantonalna-bolnica-zenica\/","title":{"rendered":"Data saglasnost na izvo\u0111enje radova rekonstrukcije i nadogradnje postoje\u0107ih objekata u krugu JU Kantonalna bolnica Zenica"},"content":{"rendered":"\n<p>Na drugoj hitnoj sjednici Gradskog vije\u0107a Zenica koja je odr\u017eana danas, vije\u0107nici su jednoglasno prihvatili Prijedlog Zaklju\u010dka o saglasnosti na izvo\u0111enje radova rekonstrukcije i nadogradnje postoje\u0107ih objekata u svrhu realizacije Projekta \u201eRekonstrukcija JU Kantonalna bolnica Zenica po principima energetske efikasnosti\u201c. <\/p>\n\n\n\n<p>Tim zaklju\u010dkom daje se saglasnost na izvo\u0111enje radova rekonstrukcije i nadogradnje postoje\u0107ih objekata u krugu JU Kantonalna bolnica Zenica, izgra\u0111enih na zamlji\u0161tu u vlasni\u0161tvu Grada Zenica. Realizacija projekta ne podrazumijeva zauzimanje novih povr\u0161ina gradskog gra\u0111evinskog zemlji\u0161ta. Gradski vije\u0107nici podr\u017eali su i Prijedlog Rje\u0161enja o imenovanju Upravnog odbora Javne ustanove \u201eDom zdravlja\u201c Zenica. <\/p>\n\n\n\n<p>Predsjednik Ocjenjiva\u010dkog suda Mirza Huseti\u0107 predstavio je vije\u0107nicima Prijedlog Odluke o dodjeli javnih priznanja Zenice povodom 20. marta &#8211; Dana Grada Zenica. Tako \u0107e \u201eGrb Zenice\u201c biti dodijeljen Rasimu Sal\u010dinovi\u0107u, za unapre\u0111enje i razvoj privatnog poduzetni\u0161tva i o\u010duvanje bosanske tradicije Grada Zenice, posthumno. <\/p>\n\n\n\n<p>\u201eNagrada Zenice\u201c bit \u0107e dodijeljena: <\/p>\n\n\n\n<p>&#8211;\u00a0Harisu Burini, za dostignu\u0107a u oblasti scenske i filmske umjetnosti, za promociju Grada Zenica u BiH i \u0161ire, &#8211;\u00a0\u00a0\u00a0\u00a0\u00a0 Gradskom horu \u201eKasiopeja\u201c Zenica, za doprinos ugledu i afirmaciji Grada Zenica kroz kulturu, umjetnost i obrazovanje i<\/p>\n\n\n\n<p>&#8211; Faruku Mid\u017ei\u0107u, za 50 godina novinarsko-publicisti\u010dkog stvarala\u0161tva, za promociju i afirmaciju Zenice i Zeni\u010dko-dobojskog kantona. <\/p>\n\n\n\n<p>\u201ePlaketa Zenice\u201c dodijelit \u0107e se Nihadu Hod\u017ei\u0107u za izuzetan doprinos afirmaciji i razvoju Grada Zenica u oblasti sportske infrastrukture i fudbalskog sporta, razvoju sportskog turizma, te posredno animiranju i razvoju uslu\u017enih djelatnosti vezanih za sportski turizam u Gradu Zenica, kao i afirmaciji Grada Zenica u BiH i regiji. <\/p>\n\n\n\n<p>Tako\u0111er, Gradsko vije\u0107e Zenica usvojilo je Prijedlog Odluke o progla\u0161enju po\u010dasnim gra\u0111aninom Grada Zenica. Priznanje po\u010dasnog gra\u0111anina Grada Zenice \u0107e biti uru\u010deno gospodinu Bogi\u0107u Bogi\u0107evi\u0107u, bosanskohercegova\u010dkom politi\u010daru i \u010dlanu Predsjedni\u0161tva SFRJ od 16. maja 1989. do septembra 1991. godine. <\/p>\n\n\n\n<p>Na kraju sjednice usvojen je Prijedlog Odluke o na\u010dinu obilje\u017eavanja dana Grada Zenica. \u201e\u017dao mi je \u0161to na sve\u010danu sjednicu ne\u0107emo biti u prilici da pozovemo uva\u017eene \u010dlanove na\u0161e zajednice, kao ni na\u0161e gra\u0111ane. <\/p>\n\n\n\n<p>Zbog obaveze po\u0161tivanja higijensko-epidemiolo\u0161kih mjera donesenih radi sprje\u010davanja \u0161irenja zaraze korona virusom sve\u010danoj sjednici \u0107e prisustvovati samo gradski vije\u0107nici i laureati. Pozivam sve na\u0161e gra\u0111ane i one koji vole i po\u0161tuju Zenicu da sve\u010danu sjednicu povodom dana Grada Zenica prate u direktnom televizijskom prenosu na\u0161eg JP \u201eRTV Zenica\u201c d.o.o. Zenica\u201c, kazao je gradona\u010delnik Zenice Fuad Kasumovi\u0107.<\/p>\n","protected":false},"excerpt":{"rendered":"<p>Na drugoj hitnoj sjednici Gradskog vije\u0107a Zenica koja je odr\u017eana danas, vije\u0107nici su jednoglasno prihvatili Prijedlog Zaklju\u010dka o saglasnosti na izvo\u0111enje radova rekonstrukcije i nadogradnje postoje\u0107ih objekata u svrhu realizacije Projekta \u201eRekonstrukcija JU Kantonalna bolnica Zenica po principima energetske efikasnosti\u201c. Tim zaklju\u010dkom daje se saglasnost na izvo\u0111enje radova rekonstrukcije i nadogradnje postoje\u0107ih objekata u krugu [&hellip;]<\/p>\n","protected":false},"author":59,"featured_media":24864,"comment_status":"closed","ping_status":"closed","sticky":false,"template":"","format":"standard","meta":{"inline_featured_image":false,"footnotes":""},"categories":[38],"tags":[],"class_list":{"0":"post-24863","1":"post","2":"type-post","3":"status-publish","4":"format-standard","5":"has-post-thumbnail","7":"category-vijesti-iz-bih"},"acf":[],"_links":{"self":[{"href":"https:\/\/tvsensor.com\/api\/wp\/v2\/posts\/24863","targetHints":{"allow":["GET"]}}],"collection":[{"href":"https:\/\/tvsensor.com\/api\/wp\/v2\/posts"}],"about":[{"href":"https:\/\/tvsensor.com\/api\/wp\/v2\/types\/post"}],"author":[{"embeddable":true,"href":"https:\/\/tvsensor.com\/api\/wp\/v2\/users\/59"}],"replies":[{"embeddable":true,"href":"https:\/\/tvsensor.com\/api\/wp\/v2\/comments?post=24863"}],"version-history":[{"count":1,"href":"https:\/\/tvsensor.com\/api\/wp\/v2\/posts\/24863\/revisions"}],"predecessor-version":[{"id":24865,"href":"https:\/\/tvsensor.com\/api\/wp\/v2\/posts\/24863\/revisions\/24865"}],"wp:featuredmedia":[{"embeddable":true,"href":"https:\/\/tvsensor.com\/api\/wp\/v2\/media\/24864"}],"wp:attachment":[{"href":"https:\/\/tvsensor.com\/api\/wp\/v2\/media?parent=24863"}],"wp:term":[{"taxonomy":"category","embeddable":true,"href":"https:\/\/tvsensor.com\/api\/wp\/v2\/categories?post=24863"},{"taxonomy":"post_tag","embeddable":true,"href":"https:\/\/tvsensor.com\/api\/wp\/v2\/tags?post=24863"}],"curies":[{"name":"wp","href":"https:\/\/api.w.org\/{rel}","templated":true}]}}