{"id":24860,"date":"2021-03-08T16:21:54","date_gmt":"2021-03-08T15:21:54","guid":{"rendered":"https:\/\/senzor.ba\/?p=24860"},"modified":"2024-01-15T21:39:37","modified_gmt":"2024-01-15T20:39:37","slug":"bih-federalni-ministar-izbjeglih-i-raseljenih-osoba-edin-ramic-posjetio-povratnike-u-liplju-kod-zvornika","status":"publish","type":"post","link":"https:\/\/tvsensor.com\/clanak\/bih-federalni-ministar-izbjeglih-i-raseljenih-osoba-edin-ramic-posjetio-povratnike-u-liplju-kod-zvornika\/","title":{"rendered":"BiH: Federalni ministar izbjeglih i raseljenih osoba Edin Rami\u0107 posjetio povratnike u Liplju kod Zvornika"},"content":{"rendered":"\n<p>Povratni\u010dko mjesto Liplje kod Zvornika koje broji \u010detiri mjesne zajednice koje me\u0111usobno grani\u010de, posjetio je danas federalni ministar raseljenih osoba i izbjeglica Edin Rami\u0107, javlja Anadolu Agency (AA).<\/p>\n\n\n\n<p>Sa povratnicima iz zvorni\u010dkog naselja Liplje odr\u017ean je sastanak gdje su sagledane potrebe, naro\u010dito u oblasti putne infrastrukture.<\/p>\n\n\n\n<p>Rami\u0107 je obi\u0161ao putni pravac koji povezuju naselje Kadri\u0107i sa Lipljem.<\/p>\n\n\n\n<p>&#8220;Pro\u0161li smo danas putnim pravcem za kojeg je iskazana namjera za sanaciju. Put je u veoma lo\u0161em stanju, a znamo da je jedna od pretpostavki u odr\u017eivom povratku dobra putna komunikacija. Raduje nas da su mje\u0161tani, zajedno sa svojim kom\u0161ijama koji borave u dijaspori, obezbijedili ve\u0107inski dio sredstava. Ohrabrili smo ih u realizaciji ovog za njih va\u017enog projekta i svakako da \u0107emo uzeti u\u010de\u0161\u0107e. Tu su i predstavnici lokalne vlasti, tako da \u0107emo zajedni\u010dkim naporom i udru\u017eivanjem sredstava uspje\u0161no zavr\u0161iti ovu aktivnost i jo\u0161 jedno povratni\u010dko mjesto u\u010diniti ugodnijim mjestom za \u017eivljenje. To nam je, zapravo, misija i obaveza&#8221;, kazao je Rami\u0107.<\/p>\n\n\n\n<p>Sastanku su, pored Rami\u0107a, prisustvovali i povratnici iz mjesta Kamenica, kao i predsjednik Skup\u0161tine Grada Zvornika Mensur Selimovi\u0107.<\/p>\n","protected":false},"excerpt":{"rendered":"<p>Povratni\u010dko mjesto Liplje kod Zvornika koje broji \u010detiri mjesne zajednice koje me\u0111usobno grani\u010de, posjetio je danas federalni ministar raseljenih osoba i izbjeglica Edin Rami\u0107, javlja Anadolu Agency (AA). Sa povratnicima iz zvorni\u010dkog naselja Liplje odr\u017ean je sastanak gdje su sagledane potrebe, naro\u010dito u oblasti putne infrastrukture. Rami\u0107 je obi\u0161ao putni pravac koji povezuju naselje Kadri\u0107i [&hellip;]<\/p>\n","protected":false},"author":59,"featured_media":24861,"comment_status":"closed","ping_status":"closed","sticky":false,"template":"","format":"standard","meta":{"inline_featured_image":false,"footnotes":""},"categories":[38],"tags":[],"class_list":{"0":"post-24860","1":"post","2":"type-post","3":"status-publish","4":"format-standard","5":"has-post-thumbnail","7":"category-vijesti-iz-bih"},"acf":[],"_links":{"self":[{"href":"https:\/\/tvsensor.com\/api\/wp\/v2\/posts\/24860","targetHints":{"allow":["GET"]}}],"collection":[{"href":"https:\/\/tvsensor.com\/api\/wp\/v2\/posts"}],"about":[{"href":"https:\/\/tvsensor.com\/api\/wp\/v2\/types\/post"}],"author":[{"embeddable":true,"href":"https:\/\/tvsensor.com\/api\/wp\/v2\/users\/59"}],"replies":[{"embeddable":true,"href":"https:\/\/tvsensor.com\/api\/wp\/v2\/comments?post=24860"}],"version-history":[{"count":1,"href":"https:\/\/tvsensor.com\/api\/wp\/v2\/posts\/24860\/revisions"}],"predecessor-version":[{"id":24862,"href":"https:\/\/tvsensor.com\/api\/wp\/v2\/posts\/24860\/revisions\/24862"}],"wp:featuredmedia":[{"embeddable":true,"href":"https:\/\/tvsensor.com\/api\/wp\/v2\/media\/24861"}],"wp:attachment":[{"href":"https:\/\/tvsensor.com\/api\/wp\/v2\/media?parent=24860"}],"wp:term":[{"taxonomy":"category","embeddable":true,"href":"https:\/\/tvsensor.com\/api\/wp\/v2\/categories?post=24860"},{"taxonomy":"post_tag","embeddable":true,"href":"https:\/\/tvsensor.com\/api\/wp\/v2\/tags?post=24860"}],"curies":[{"name":"wp","href":"https:\/\/api.w.org\/{rel}","templated":true}]}}