{"id":24856,"date":"2021-03-08T16:19:21","date_gmt":"2021-03-08T15:19:21","guid":{"rendered":"https:\/\/senzor.ba\/?p=24856"},"modified":"2024-01-15T21:39:37","modified_gmt":"2024-01-15T20:39:37","slug":"njemacki-zastupnik-podnio-ostavku-zbog-skandala-sa-zastitnim-maskama","status":"publish","type":"post","link":"https:\/\/tvsensor.com\/clanak\/njemacki-zastupnik-podnio-ostavku-zbog-skandala-sa-zastitnim-maskama\/","title":{"rendered":"Njema\u010dki zastupnik podnio ostavku zbog skandala sa za\u0161titnim maskama"},"content":{"rendered":"\n<p>Zastupnik konzervativne stranke kancelarke Angele Merkel u ponedjeljak je podnio ostavku zbog sve sna\u017enijih kritika u vezi s njegovom ulogom u kontroverznim ugovorima o nabavci maski, prenosi Anadolu Agency (AA).<\/p>\n\n\n\n<p>Nikolas Loebel je naveo u saop\u0107enju da je podnio ostavku na mjesto zastupnika kako bi sprije\u010dio daljnju \u0161tetu svojoj stranci, Kr\u0161\u0107ansko-demokratskoj uniji (CDU).<\/p>\n\n\n\n<p>Ovaj 34-godi\u0161nji zastupnik priznao je pro\u0161le sedmice da je njegova kompanija primila blizu 250.000 eura (297.000 dolara) naknade zbog pru\u017eanja pomo\u0107i lokalnim vlastima prilikom kupovine za\u0161titnih maski za lice.<\/p>\n\n\n\n<p>Skandal je CDU doveo u te\u0161ku situaciju uo\u010di regionalnih izbora u saveznim dr\u017eavama Baden-Wuerttemberg i Rajna-Palatinat koji se odr\u017eavaju u nedjelju.<\/p>\n\n\n\n<p>\u010celnik CDU-a Armin Laschet o\u0161tro je kritikovao Loebela u nedjelju i zatra\u017eio njegovu hitnu ostavku.<\/p>\n\n\n\n<p>&#8220;Tokom ove krize s kojom se suo\u010davamo, svako ko kao zastupnik poku\u0161ava zaraditi novac za sebe, mora odmah napustiti parlament&#8221;, rekao je Laschet u intervjuu za list &#8220;Suedkurier&#8221;.<\/p>\n","protected":false},"excerpt":{"rendered":"<p>Zastupnik konzervativne stranke kancelarke Angele Merkel u ponedjeljak je podnio ostavku zbog sve sna\u017enijih kritika u vezi s njegovom ulogom u kontroverznim ugovorima o nabavci maski, prenosi Anadolu Agency (AA). Nikolas Loebel je naveo u saop\u0107enju da je podnio ostavku na mjesto zastupnika kako bi sprije\u010dio daljnju \u0161tetu svojoj stranci, Kr\u0161\u0107ansko-demokratskoj uniji (CDU). Ovaj 34-godi\u0161nji [&hellip;]<\/p>\n","protected":false},"author":59,"featured_media":24858,"comment_status":"closed","ping_status":"closed","sticky":false,"template":"","format":"standard","meta":{"inline_featured_image":false,"footnotes":""},"categories":[41],"tags":[],"class_list":{"0":"post-24856","1":"post","2":"type-post","3":"status-publish","4":"format-standard","5":"has-post-thumbnail","7":"category-svijet"},"acf":[],"_links":{"self":[{"href":"https:\/\/tvsensor.com\/api\/wp\/v2\/posts\/24856","targetHints":{"allow":["GET"]}}],"collection":[{"href":"https:\/\/tvsensor.com\/api\/wp\/v2\/posts"}],"about":[{"href":"https:\/\/tvsensor.com\/api\/wp\/v2\/types\/post"}],"author":[{"embeddable":true,"href":"https:\/\/tvsensor.com\/api\/wp\/v2\/users\/59"}],"replies":[{"embeddable":true,"href":"https:\/\/tvsensor.com\/api\/wp\/v2\/comments?post=24856"}],"version-history":[{"count":1,"href":"https:\/\/tvsensor.com\/api\/wp\/v2\/posts\/24856\/revisions"}],"predecessor-version":[{"id":24859,"href":"https:\/\/tvsensor.com\/api\/wp\/v2\/posts\/24856\/revisions\/24859"}],"wp:featuredmedia":[{"embeddable":true,"href":"https:\/\/tvsensor.com\/api\/wp\/v2\/media\/24858"}],"wp:attachment":[{"href":"https:\/\/tvsensor.com\/api\/wp\/v2\/media?parent=24856"}],"wp:term":[{"taxonomy":"category","embeddable":true,"href":"https:\/\/tvsensor.com\/api\/wp\/v2\/categories?post=24856"},{"taxonomy":"post_tag","embeddable":true,"href":"https:\/\/tvsensor.com\/api\/wp\/v2\/tags?post=24856"}],"curies":[{"name":"wp","href":"https:\/\/api.w.org\/{rel}","templated":true}]}}