{"id":24852,"date":"2021-03-08T16:16:31","date_gmt":"2021-03-08T15:16:31","guid":{"rendered":"https:\/\/senzor.ba\/?p=24852"},"modified":"2024-01-15T21:39:37","modified_gmt":"2024-01-15T20:39:37","slug":"u-svicarskoj-na-referendumu-izglasana-zabrana-nosenja-burke-i-nikaba","status":"publish","type":"post","link":"https:\/\/tvsensor.com\/clanak\/u-svicarskoj-na-referendumu-izglasana-zabrana-nosenja-burke-i-nikaba\/","title":{"rendered":"U \u0160vicarskoj na referendumu izglasana zabrana no\u0161enja burke i nikaba"},"content":{"rendered":"\n<p>Na referendumu odr\u017eanom danas u \u0160vicarskoj 52 posto gra\u0111ana glasalo je za inicijativu &#8220;Zabrane (burke) prekrivanja lica&#8221;, javlja Anadolu Agency (AA).<\/p>\n\n\n\n<p>Referendumom je donesena jo\u0161 jedna zabrana muslimanima, koji \u010dine tek 5 posto \u0161vicarskog stanovni\u0161tva \u010dija je ukupna populacija 8,6 miliona.<\/p>\n\n\n\n<p>U zemlji s 5,5 miliona stanovnika s pravom glasa, na referendum je iza\u0161lo ne\u0161to vi\u0161e od dva miliona gra\u0111ana.<\/p>\n\n\n\n<p>Ono \u0161to je svakako interesantno jeste da je u \u0160vicarskoj, u vremenu kada je obavezno no\u0161enje maske na javnim mjestima zbog epidemije koronavirusa (COVID-19), muslimanima referendumom zabranjeno no\u0161enje nikaba ili burke.<\/p>\n\n\n\n<p>Inicijativu za zabranu burke i nikaba pokrenula je grupa pod nazivom &#8220;Egerkinger Komitee&#8221;, koja uklju\u010duje \u010dlanove krajnje desne \u0160vicarske narodne stranke (SVP).<\/p>\n\n\n\n<p>\u0160vicarsko savezno vije\u0107e i parlament savjetovali su bira\u010dima da odbiju inicijativu. Nakon prebrojanih glasova ustanovljeno je da je 52 posto glasa\u010da bilo za, dok je 48 posto bilo protiv ove incijative.<\/p>\n\n\n\n<p>Vlada se otvoreno usprotivila inicijativi s obrazlo\u017eenjem da je broj osoba koje nose burku (nikab) u cijeloj zemlji veoma mali i da bi zabrana \u0161tetila turizmu.<\/p>\n\n\n\n<p>Prema studiji Univerziteta u Lucernu, u \u0160vicarskoj nema osoba koje koriste burke, dok svega 30 osoba nosi nikab.<\/p>\n\n\n\n<p>Ve\u0107inu muslimana u zemlji \u010dine Turci, Bo\u0161njaci i Kosovari. U \u017denevi, drugom po veli\u010dini gradu, \u017eivi ve\u0107i broj Arapa. \u0160vicarska je veoma \u010desto odredi\u0161te arapskih turista iz bogatih zaljevskih zemalja.<\/p>\n\n\n\n<p>Na referendumu odr\u017eanom u zemlji 2009. godine, 57,5 \u200b\u200bposto ljudi glasalo je protiv gradnje minareta.<\/p>\n","protected":false},"excerpt":{"rendered":"<p>Na referendumu odr\u017eanom danas u \u0160vicarskoj 52 posto gra\u0111ana glasalo je za inicijativu &#8220;Zabrane (burke) prekrivanja lica&#8221;, javlja Anadolu Agency (AA). Referendumom je donesena jo\u0161 jedna zabrana muslimanima, koji \u010dine tek 5 posto \u0161vicarskog stanovni\u0161tva \u010dija je ukupna populacija 8,6 miliona. U zemlji s 5,5 miliona stanovnika s pravom glasa, na referendum je iza\u0161lo ne\u0161to [&hellip;]<\/p>\n","protected":false},"author":59,"featured_media":24854,"comment_status":"closed","ping_status":"closed","sticky":false,"template":"","format":"standard","meta":{"inline_featured_image":false,"footnotes":""},"categories":[41],"tags":[],"class_list":{"0":"post-24852","1":"post","2":"type-post","3":"status-publish","4":"format-standard","5":"has-post-thumbnail","7":"category-svijet"},"acf":[],"_links":{"self":[{"href":"https:\/\/tvsensor.com\/api\/wp\/v2\/posts\/24852","targetHints":{"allow":["GET"]}}],"collection":[{"href":"https:\/\/tvsensor.com\/api\/wp\/v2\/posts"}],"about":[{"href":"https:\/\/tvsensor.com\/api\/wp\/v2\/types\/post"}],"author":[{"embeddable":true,"href":"https:\/\/tvsensor.com\/api\/wp\/v2\/users\/59"}],"replies":[{"embeddable":true,"href":"https:\/\/tvsensor.com\/api\/wp\/v2\/comments?post=24852"}],"version-history":[{"count":1,"href":"https:\/\/tvsensor.com\/api\/wp\/v2\/posts\/24852\/revisions"}],"predecessor-version":[{"id":24855,"href":"https:\/\/tvsensor.com\/api\/wp\/v2\/posts\/24852\/revisions\/24855"}],"wp:featuredmedia":[{"embeddable":true,"href":"https:\/\/tvsensor.com\/api\/wp\/v2\/media\/24854"}],"wp:attachment":[{"href":"https:\/\/tvsensor.com\/api\/wp\/v2\/media?parent=24852"}],"wp:term":[{"taxonomy":"category","embeddable":true,"href":"https:\/\/tvsensor.com\/api\/wp\/v2\/categories?post=24852"},{"taxonomy":"post_tag","embeddable":true,"href":"https:\/\/tvsensor.com\/api\/wp\/v2\/tags?post=24852"}],"curies":[{"name":"wp","href":"https:\/\/api.w.org\/{rel}","templated":true}]}}