{"id":24849,"date":"2021-03-08T16:13:45","date_gmt":"2021-03-08T15:13:45","guid":{"rendered":"https:\/\/senzor.ba\/?p=24849"},"modified":"2024-01-15T21:39:37","modified_gmt":"2024-01-15T20:39:37","slug":"povodom-8-marta-potpredsjednica-fbih-melika-mahmutbegovic-posjetila-majke-srebrenice","status":"publish","type":"post","link":"https:\/\/tvsensor.com\/clanak\/povodom-8-marta-potpredsjednica-fbih-melika-mahmutbegovic-posjetila-majke-srebrenice\/","title":{"rendered":"Povodom 8. marta: Potpredsjednica FBiH Melika Mahmutbegovi\u0107 posjetila majke Srebrenice"},"content":{"rendered":"\n<p>Potpredsjednica bh. entiteta Federacije BiH Melika Mahmutbegovi\u0107, povodom 8. marta &#8211; Me\u0111unarodnog dana \u017eena, danas boravi u Srebrenici. U okviru posjete, sastala se sa majkama Srebrenice i uru\u010dila im simboli\u010dne poklone, a nekoliko njih je posjetila i u njihovim domovima, javlja Anadolu Agency.<\/p>\n\n\n\n<p>&#8220;Na ovaj dan, za 8. mart, ja sam procijenila da trebam da budem ovdje sa majkama Srebrenice. Odlu\u010dila sam da posjetim one majke koje \u017eive ovdje. Epidemiolo\u0161ka situacija i korona je na\u017ealost dirigirala na\u0161e aktivnosti, i nismo mogli napraviti zajedni\u010dko okupljanje, nego smo se opredijelili da ih posjetimo u njihovim ku\u0107ama&#8221;, istakla je potpredsjednica Mahmutbegovi\u0107, koja posjetom \u017eeli da poru\u010di da &#8220;majke u Srebrenici nisu same&#8221;.<\/p>\n\n\n\n<p>&#8220;\u017delim da poru\u010dim da majke u Srebrenici nisu same, da ne mislimo na njih samo u julu, nego da one zavre\u0111uju na\u0161u pa\u017enju svaki dan, a ne samo jedan dan&#8221;, poru\u010dila je Mahmutbegovi\u0107.<\/p>\n\n\n\n<p>Jedna od majki koju je Mahmutbegovi\u0107 posjetila je Makbula Divovi\u0107, koja \u017eivi sama u Poto\u010darima kraj Srebrenice.<\/p>\n\n\n\n<p>&#8220;Zna\u010di mi puno posjeta. Mnogo toga smo izgubili i kad neko otvori vrata i do\u0111e, meni je \u010dast ugostiti nekog&#8221;, rekla je majka Makbula.<\/p>\n\n\n\n<p>Mahmutbegovi\u0107 \u0107e u okviru posjete posjetiti Memorijalni centar Srebrenica \u2013 Poto\u010dari i odati po\u010dast \u017ertvama genocida, a obi\u0107i \u0107e i majku Salihu Osmanovi\u0107 koja \u017eivi u mjestu Dobrak na samoj granici sa Srbijom.<\/p>\n\n\n\n<p>&#8220;Mnogo je boli u Srebrenici. Prilika je da odemo do Salihe, da je poselamimo, posjetimo i ka\u017eemo da mislimo na nju&#8221;, rekla je Mahmutbegovi\u0107.<\/p>\n\n\n\n<p>Potpredsjednica Mahmutbegovi\u0107 je posjetila i MFS-EMMAUS-ov Internatski smje\u0161taj u Poto\u010darima i razgovarala sa predstavnicima centra.<\/p>\n\n\n\n<p>&#8220;Koristim priliku da zahvalim potpredsjednici Mahmutbegovi\u0107 na posjeti. Ovo nije prva posjeta g\u0111e. Mahmutbegovi\u0107 nama i na\u0161em udru\u017eenju, na\u0161im korisnicima, me\u0111u kojima su i majke Srebrenice. Ovo je dokaz na\u0161eg rada, ali i stava potpredsjednice Mahmutbegovi\u0107 prema onome \u0161to mi radimo. Ovo je posjeta podr\u0161ke nama, a evo i poruka maj\u010dinstva, te poruka i onima koji su mogli danas biti ovdje, a nisu&#8221;, izjavio je Elmedin \u0160krebo, pomo\u0107nik direktora MFS Emmaus.<\/p>\n\n\n\n<p>U svijetu se danas obilje\u017eava Me\u0111unarodni dan \u017eena &#8211; 8. mart.<\/p>\n","protected":false},"excerpt":{"rendered":"<p>Potpredsjednica bh. entiteta Federacije BiH Melika Mahmutbegovi\u0107, povodom 8. marta &#8211; Me\u0111unarodnog dana \u017eena, danas boravi u Srebrenici. U okviru posjete, sastala se sa majkama Srebrenice i uru\u010dila im simboli\u010dne poklone, a nekoliko njih je posjetila i u njihovim domovima, javlja Anadolu Agency. &#8220;Na ovaj dan, za 8. mart, ja sam procijenila da trebam da [&hellip;]<\/p>\n","protected":false},"author":59,"featured_media":24850,"comment_status":"closed","ping_status":"closed","sticky":false,"template":"","format":"standard","meta":{"inline_featured_image":false,"footnotes":""},"categories":[38],"tags":[],"class_list":{"0":"post-24849","1":"post","2":"type-post","3":"status-publish","4":"format-standard","5":"has-post-thumbnail","7":"category-vijesti-iz-bih"},"acf":[],"_links":{"self":[{"href":"https:\/\/tvsensor.com\/api\/wp\/v2\/posts\/24849","targetHints":{"allow":["GET"]}}],"collection":[{"href":"https:\/\/tvsensor.com\/api\/wp\/v2\/posts"}],"about":[{"href":"https:\/\/tvsensor.com\/api\/wp\/v2\/types\/post"}],"author":[{"embeddable":true,"href":"https:\/\/tvsensor.com\/api\/wp\/v2\/users\/59"}],"replies":[{"embeddable":true,"href":"https:\/\/tvsensor.com\/api\/wp\/v2\/comments?post=24849"}],"version-history":[{"count":1,"href":"https:\/\/tvsensor.com\/api\/wp\/v2\/posts\/24849\/revisions"}],"predecessor-version":[{"id":24851,"href":"https:\/\/tvsensor.com\/api\/wp\/v2\/posts\/24849\/revisions\/24851"}],"wp:featuredmedia":[{"embeddable":true,"href":"https:\/\/tvsensor.com\/api\/wp\/v2\/media\/24850"}],"wp:attachment":[{"href":"https:\/\/tvsensor.com\/api\/wp\/v2\/media?parent=24849"}],"wp:term":[{"taxonomy":"category","embeddable":true,"href":"https:\/\/tvsensor.com\/api\/wp\/v2\/categories?post=24849"},{"taxonomy":"post_tag","embeddable":true,"href":"https:\/\/tvsensor.com\/api\/wp\/v2\/tags?post=24849"}],"curies":[{"name":"wp","href":"https:\/\/api.w.org\/{rel}","templated":true}]}}