{"id":24846,"date":"2021-03-08T10:47:17","date_gmt":"2021-03-08T09:47:17","guid":{"rendered":"https:\/\/senzor.ba\/?p=24846"},"modified":"2024-01-15T21:39:37","modified_gmt":"2024-01-15T20:39:37","slug":"ministarstvo-u-crnoj-gori-zabranilo-kupovinu-poklona-uciteljicama-za-8-mart","status":"publish","type":"post","link":"https:\/\/tvsensor.com\/clanak\/ministarstvo-u-crnoj-gori-zabranilo-kupovinu-poklona-uciteljicama-za-8-mart\/","title":{"rendered":"Ministarstvo u Crnoj Gori zabranilo kupovinu poklona u\u010diteljicama za 8. mart"},"content":{"rendered":"\n<p>Ministarstvo prosvjete, nauke, kulture i sporta nalo\u017eilo je direktorima osnovnih \u0161kola da sprije\u010de organizovanje kupovine poklona za 8. mart nastavnicama i time prekinu praksu koja ve\u0107 godinama va\u017ei u vaspitno-obrazovnim ustanovama, pi\u0161e Dan. U dopisu koji je upu\u0107en direktorima 2. februara navedeno je da su se Ministarstvu prosvjete obratili roditelji &#8220;prigovorom da se animiranjem putem viber grupa skupljaju nov\u010dana sredstva od u\u010denika u svrhu kupovine poklona povodom odre\u0111enih datuma&#8221;.<\/p>\n\n\n\n<p>U dopisu ministarstva se od direktora tra\u017ei da u saradnji sa nastavnicima sprije\u010de ove aktivnosti budu\u0107i da se ne odnose na vaspitnu i obrazovnu funkciju \u0161kole. Direktorima je jo\u0161 jednom skrenuta pa\u017enja da ne smiju dozvoliti ni prodaju dodatne literature u \u0161kolama.<\/p>\n\n\n\n<p>Prema ocjeni Slobodana Savovi\u0107a iz Sindikata prosvjete, odluka ministarstva da zabrani kupovinu poklona za 8. mart u\u010diteljicama i nastavnicama je samo na prvi pogled stroga i hladna.<\/p>\n\n\n\n<p>&#8220;Treba znati da je ovaj vrijedni praznik na\u0161ih uva\u017eenih koleginica dama prethodnih godina obesmi\u0161ljen ki\u010dom i takmi\u010denjem ko \u0107e kupiti skupocjeniji poklon i na taj izvitoperen na\u010din izraziti ljubav i pa\u017enju&#8221;, naveo je on.<\/p>\n\n\n\n<p>U Udru\u017eenju Roditelji, naveli su da su mi\u0161ljenja podijeljena oko ove odluke. Kristina Mihailovi\u0107, iz tog udru\u017eenja, navodi da potez ministarstva generalno nije lo\u0161a odluka, ali da dio roditelja smatra da za tim nije bilo potrebe.&nbsp;<\/p>\n","protected":false},"excerpt":{"rendered":"<p>Ministarstvo prosvjete, nauke, kulture i sporta nalo\u017eilo je direktorima osnovnih \u0161kola da sprije\u010de organizovanje kupovine poklona za 8. mart nastavnicama i time prekinu praksu koja ve\u0107 godinama va\u017ei u vaspitno-obrazovnim ustanovama, pi\u0161e Dan. U dopisu koji je upu\u0107en direktorima 2. februara navedeno je da su se Ministarstvu prosvjete obratili roditelji &#8220;prigovorom da se animiranjem putem [&hellip;]<\/p>\n","protected":false},"author":59,"featured_media":24847,"comment_status":"closed","ping_status":"closed","sticky":false,"template":"","format":"standard","meta":{"inline_featured_image":false,"footnotes":""},"categories":[40],"tags":[],"class_list":{"0":"post-24846","1":"post","2":"type-post","3":"status-publish","4":"format-standard","5":"has-post-thumbnail","7":"category-region"},"acf":[],"_links":{"self":[{"href":"https:\/\/tvsensor.com\/api\/wp\/v2\/posts\/24846","targetHints":{"allow":["GET"]}}],"collection":[{"href":"https:\/\/tvsensor.com\/api\/wp\/v2\/posts"}],"about":[{"href":"https:\/\/tvsensor.com\/api\/wp\/v2\/types\/post"}],"author":[{"embeddable":true,"href":"https:\/\/tvsensor.com\/api\/wp\/v2\/users\/59"}],"replies":[{"embeddable":true,"href":"https:\/\/tvsensor.com\/api\/wp\/v2\/comments?post=24846"}],"version-history":[{"count":1,"href":"https:\/\/tvsensor.com\/api\/wp\/v2\/posts\/24846\/revisions"}],"predecessor-version":[{"id":24848,"href":"https:\/\/tvsensor.com\/api\/wp\/v2\/posts\/24846\/revisions\/24848"}],"wp:featuredmedia":[{"embeddable":true,"href":"https:\/\/tvsensor.com\/api\/wp\/v2\/media\/24847"}],"wp:attachment":[{"href":"https:\/\/tvsensor.com\/api\/wp\/v2\/media?parent=24846"}],"wp:term":[{"taxonomy":"category","embeddable":true,"href":"https:\/\/tvsensor.com\/api\/wp\/v2\/categories?post=24846"},{"taxonomy":"post_tag","embeddable":true,"href":"https:\/\/tvsensor.com\/api\/wp\/v2\/tags?post=24846"}],"curies":[{"name":"wp","href":"https:\/\/api.w.org\/{rel}","templated":true}]}}