{"id":24836,"date":"2021-03-08T10:31:49","date_gmt":"2021-03-08T09:31:49","guid":{"rendered":"https:\/\/senzor.ba\/?p=24836"},"modified":"2024-01-15T21:39:38","modified_gmt":"2024-01-15T20:39:38","slug":"8-mart-dan-borbe-za-ravnopravnost-ili-kozmeticki-praznik","status":"publish","type":"post","link":"https:\/\/tvsensor.com\/clanak\/8-mart-dan-borbe-za-ravnopravnost-ili-kozmeticki-praznik\/","title":{"rendered":"8. mart &#8211; Dan borbe za ravnopravnost ili kozmeti\u010dki praznik"},"content":{"rendered":"\n<p>\u0160irom svijeta danas se obilje\u017eava Me\u0111unarodni dan \u017eena, kao dio borbe za ekonomsku, politi\u010dku i socijalnu ravnopravnost \u017eena i mu\u0161karaca.<br><br>Dan \u017eena je prvi put obilje\u017een 28. februara 1909. godine u SAD deklaracijom koju je donijela Socijalisti\u010dka partija Amerike.<br><br>Ideja za obilje\u017eavanjem Me\u0111unarodnog dana \u017eena pojavila se po\u010detkom 20. vijeka u doba brze industrijalizacije i ekonomske ekspanzije koja je \u010desto dovodila do protesta zbog lo\u0161ih uslova rada.<br><br>\u017dene zaposlene u industriji odje\u0107e i tekstila javno su protestovale prvi put 8. marta 1857. godine u New Yorku zbog lo\u0161ih uslova rada i niskih plata.<br><br>Demonstracije je rastjerala policija, a \u017eene su dva mjeseca kasnije osnovale sindikat.<br><br>Osmomartovski protesti postali su narednih godina tradicija, a najmasovniji su bili 1908. godine kada je 15.000 \u017eena mar\u0161iralo ulicama New Yorka tra\u017ee\u0107i kra\u0107e radno vrijeme, bolje plate i pravo glasa.<br><br>Prva me\u0111unarodna \u017eenska konferencija bila je odr\u017eana 1910. godine u Kopenhagenu u organizaciji Socijalisti\u010dke internacionale, kada je ustanovljen Me\u0111unarodni dan \u017eena, na prijedlog Klare Cetkin, koja je bila \u010dlan Njema\u010dke socijalisti\u010dke partije.<br><br>Naredne godine Me\u0111unarodni dan \u017eena obilje\u017een je u Austriji, Danskoj, NJema\u010dkoj i \u0160vicarskoj.<br><br>Demonstracije povodom Me\u0111unarodnog dana \u017eena u Rusiji bile su prvi stadijum ruske revolucije.<br><br>Nakon Oktobarske revolucije, bolj\u0161evi\u010dka feministkinja Aleksandra Kolontaj nagovorila je Vladimira Ili\u010da Lenjina da 8. mart postane dr\u017eavni praznik i tokom sovjetskog razdoblja koristio se za obilje\u017eavanje &#8220;herojstva radnica&#8221;. Me\u0111utim, u mnogim komunisti\u010dkim dr\u017eavama taj praznik je izgubio svoju ideolo\u0161ku osnovu i postao je prilika mu\u0161karcima da iska\u017eu ljubav i po\u0161tovanje prema \u017eenama.<br><br>UN su 1975. godine, koja je bila progla\u0161ena Me\u0111unarodnom godinom \u017eene, zvani\u010dno po\u010dele da obilje\u017eavaju ovaj praznik pod nazivom Me\u0111unarodni dan \u017eena.<br><br>Dvije godine kasnije Generalna skup\u0161tina UN je rezolucijom proglasila 8. mart Danom \u017eenskih prava i me\u0111unarodnog mira.<\/p>\n\n\n\n<p>tvsensor.com\/Srna<\/p>\n","protected":false},"excerpt":{"rendered":"<p>\u0160irom svijeta danas se obilje\u017eava Me\u0111unarodni dan \u017eena, kao dio borbe za ekonomsku, politi\u010dku i socijalnu ravnopravnost \u017eena i mu\u0161karaca. Dan \u017eena je prvi put obilje\u017een 28. februara 1909. godine u SAD deklaracijom koju je donijela Socijalisti\u010dka partija Amerike. Ideja za obilje\u017eavanjem Me\u0111unarodnog dana \u017eena pojavila se po\u010detkom 20. vijeka u doba brze industrijalizacije i [&hellip;]<\/p>\n","protected":false},"author":59,"featured_media":24838,"comment_status":"closed","ping_status":"closed","sticky":false,"template":"","format":"standard","meta":{"inline_featured_image":false,"footnotes":""},"categories":[41],"tags":[],"class_list":{"0":"post-24836","1":"post","2":"type-post","3":"status-publish","4":"format-standard","5":"has-post-thumbnail","7":"category-svijet"},"acf":[],"_links":{"self":[{"href":"https:\/\/tvsensor.com\/api\/wp\/v2\/posts\/24836","targetHints":{"allow":["GET"]}}],"collection":[{"href":"https:\/\/tvsensor.com\/api\/wp\/v2\/posts"}],"about":[{"href":"https:\/\/tvsensor.com\/api\/wp\/v2\/types\/post"}],"author":[{"embeddable":true,"href":"https:\/\/tvsensor.com\/api\/wp\/v2\/users\/59"}],"replies":[{"embeddable":true,"href":"https:\/\/tvsensor.com\/api\/wp\/v2\/comments?post=24836"}],"version-history":[{"count":1,"href":"https:\/\/tvsensor.com\/api\/wp\/v2\/posts\/24836\/revisions"}],"predecessor-version":[{"id":24839,"href":"https:\/\/tvsensor.com\/api\/wp\/v2\/posts\/24836\/revisions\/24839"}],"wp:featuredmedia":[{"embeddable":true,"href":"https:\/\/tvsensor.com\/api\/wp\/v2\/media\/24838"}],"wp:attachment":[{"href":"https:\/\/tvsensor.com\/api\/wp\/v2\/media?parent=24836"}],"wp:term":[{"taxonomy":"category","embeddable":true,"href":"https:\/\/tvsensor.com\/api\/wp\/v2\/categories?post=24836"},{"taxonomy":"post_tag","embeddable":true,"href":"https:\/\/tvsensor.com\/api\/wp\/v2\/tags?post=24836"}],"curies":[{"name":"wp","href":"https:\/\/api.w.org\/{rel}","templated":true}]}}