{"id":24833,"date":"2021-03-08T10:21:38","date_gmt":"2021-03-08T09:21:38","guid":{"rendered":"https:\/\/senzor.ba\/?p=24833"},"modified":"2024-01-15T21:39:38","modified_gmt":"2024-01-15T20:39:38","slug":"ovako-kojoviceva-dogradonacelnica-ivana-maric-govori-o-bosnjacima","status":"publish","type":"post","link":"https:\/\/tvsensor.com\/clanak\/ovako-kojoviceva-dogradonacelnica-ivana-maric-govori-o-bosnjacima\/","title":{"rendered":"Ovako Kojovi\u0107eva dogradona\u010delnica Ivana Mari\u0107 govori o Bo\u0161njacima"},"content":{"rendered":"\n<iframe loading=\"lazy\" src=\"https:\/\/www.facebook.com\/plugins\/video.php?height=476&#038;href=https%3A%2F%2Fwww.facebook.com%2Fsenzornews%2Fvideos%2F967312267133244%2F&#038;show_text=false&#038;width=476\" width=\"476\" height=\"476\" style=\"border:none;overflow:hidden\" scrolling=\"no\" frameborder=\"0\" allowfullscreen=\"true\" allow=\"autoplay; clipboard-write; encrypted-media; picture-in-picture; web-share\" allowFullScreen=\"true\"><\/iframe>\n\n\n\n<p>Neupu\u0107ena i bezobrazna Ivana Mari\u0107 ovakve gadosti ka\u017ee o ve\u0107inskom narodu BiH: &#8220;Bo\u0161njaci &#8211; to je ne\u0161to novo \u0161to su oni izmislili samo da imaju ne\u0161to, ne samo muslimani.<\/p>\n\n\n\n<p>Video je nastao na konferenciji u Londonu i objavljen je 2018. godine, a Mari\u0107 je tada govorila o prilikama u Bosni i Hercegovini i narodima koji u njoj \u017eive.<\/p>\n\n\n\n<p>Podsje\u0107amo, Mari\u0107 je kandidatkinja Na\u0161e stranke za dogradona\u010delnicu grada Sarajeva.<\/p>\n","protected":false},"excerpt":{"rendered":"<p>Neupu\u0107ena i bezobrazna Ivana Mari\u0107 ovakve gadosti ka\u017ee o ve\u0107inskom narodu BiH: &#8220;Bo\u0161njaci &#8211; to je ne\u0161to novo \u0161to su oni izmislili samo da imaju ne\u0161to, ne samo muslimani. Video je nastao na konferenciji u Londonu i objavljen je 2018. godine, a Mari\u0107 je tada govorila o prilikama u Bosni i Hercegovini i narodima koji [&hellip;]<\/p>\n","protected":false},"author":59,"featured_media":24834,"comment_status":"closed","ping_status":"closed","sticky":false,"template":"","format":"video","meta":{"inline_featured_image":false,"footnotes":""},"categories":[1241,72,1246],"tags":[],"class_list":{"0":"post-24833","1":"post","2":"type-post","3":"status-publish","4":"format-video","5":"has-post-thumbnail","7":"category-politika-video-galerija","8":"category-video-galerija","9":"category-viralno","10":"post_format-post-format-video"},"acf":[],"_links":{"self":[{"href":"https:\/\/tvsensor.com\/api\/wp\/v2\/posts\/24833","targetHints":{"allow":["GET"]}}],"collection":[{"href":"https:\/\/tvsensor.com\/api\/wp\/v2\/posts"}],"about":[{"href":"https:\/\/tvsensor.com\/api\/wp\/v2\/types\/post"}],"author":[{"embeddable":true,"href":"https:\/\/tvsensor.com\/api\/wp\/v2\/users\/59"}],"replies":[{"embeddable":true,"href":"https:\/\/tvsensor.com\/api\/wp\/v2\/comments?post=24833"}],"version-history":[{"count":1,"href":"https:\/\/tvsensor.com\/api\/wp\/v2\/posts\/24833\/revisions"}],"predecessor-version":[{"id":24835,"href":"https:\/\/tvsensor.com\/api\/wp\/v2\/posts\/24833\/revisions\/24835"}],"wp:featuredmedia":[{"embeddable":true,"href":"https:\/\/tvsensor.com\/api\/wp\/v2\/media\/24834"}],"wp:attachment":[{"href":"https:\/\/tvsensor.com\/api\/wp\/v2\/media?parent=24833"}],"wp:term":[{"taxonomy":"category","embeddable":true,"href":"https:\/\/tvsensor.com\/api\/wp\/v2\/categories?post=24833"},{"taxonomy":"post_tag","embeddable":true,"href":"https:\/\/tvsensor.com\/api\/wp\/v2\/tags?post=24833"}],"curies":[{"name":"wp","href":"https:\/\/api.w.org\/{rel}","templated":true}]}}