{"id":24830,"date":"2021-03-08T10:13:33","date_gmt":"2021-03-08T09:13:33","guid":{"rendered":"https:\/\/senzor.ba\/?p=24830"},"modified":"2024-01-15T21:39:38","modified_gmt":"2024-01-15T20:39:38","slug":"nakon-smrti-medicinske-sestre-austrija-obustavila-upotrebu-vakcina-astrazeneka","status":"publish","type":"post","link":"https:\/\/tvsensor.com\/clanak\/nakon-smrti-medicinske-sestre-austrija-obustavila-upotrebu-vakcina-astrazeneka\/","title":{"rendered":"Nakon smrti medicinske sestre: Austrija obustavila upotrebu vakcina AstraZeneka"},"content":{"rendered":"\n<p>U Austriji je jedna medicinska sestra preminula od plu\u0107ne embolije nakon \u0161to je primila vakcinu protiv koronavirusa. Ona je primila vakcinu kompanije AstraZeneka, a nalo\u017eena je obdukcija tijela kako bi se detaljno istra\u017eilo da li je vakcina uzrok smrti, saop\u0161tio je Bernhard Jai iz pokrajinske Agencije za zdravlje Donje Austrije.<\/p>\n\n\n\n<p>Be\u010dki list \u201cHojte\u201d tvrdi da je Smrt 49-godi\u0161nje medicinske sestre i ozbiljna bolest njene 30-godi\u0161nje kolegice bila povod za privremenu obustavu upotrebe vakcina AstraZeneka.<\/p>\n\n\n\n<p>Austrijski Savezni ured za zdravstvenu sigurnost (BASG) objavio je krajem pro\u0161log mjeseca slu\u017ebene podatke o ne\u017eeljenim nuspojavama nakon vakcinisanja protiv koronavirusa, koje su prijavili vakcinisani austrijski gra\u0111ani.<\/p>\n\n\n\n<p>Isti izvor navodi da je do sredine februara najvi\u0161e pritu\u017ebi stiglo od osoba koje su cijepljene AstraZeneka vakcinom. Rije\u010d je o 14,9 slu\u010daja na 1.000 vakcinisanih osoba. Za usporedbu s ostalim vakcinama, kod vakcina BioNTech \/Pfizer to je bilo \u201esamo\u201c kod 3,79, a kod Moderne kod 5,71 slu\u010daja. S BioNTechom je do 12. februara vakcinisano 365.039 ljudi, a njih 1.384 je prijavilo ne\u017eeljene nuspojave.<\/p>\n","protected":false},"excerpt":{"rendered":"<p>U Austriji je jedna medicinska sestra preminula od plu\u0107ne embolije nakon \u0161to je primila vakcinu protiv koronavirusa. Ona je primila vakcinu kompanije AstraZeneka, a nalo\u017eena je obdukcija tijela kako bi se detaljno istra\u017eilo da li je vakcina uzrok smrti, saop\u0161tio je Bernhard Jai iz pokrajinske Agencije za zdravlje Donje Austrije. Be\u010dki list \u201cHojte\u201d tvrdi da [&hellip;]<\/p>\n","protected":false},"author":59,"featured_media":24831,"comment_status":"closed","ping_status":"closed","sticky":false,"template":"","format":"standard","meta":{"inline_featured_image":false,"footnotes":""},"categories":[41],"tags":[],"class_list":{"0":"post-24830","1":"post","2":"type-post","3":"status-publish","4":"format-standard","5":"has-post-thumbnail","7":"category-svijet"},"acf":[],"_links":{"self":[{"href":"https:\/\/tvsensor.com\/api\/wp\/v2\/posts\/24830","targetHints":{"allow":["GET"]}}],"collection":[{"href":"https:\/\/tvsensor.com\/api\/wp\/v2\/posts"}],"about":[{"href":"https:\/\/tvsensor.com\/api\/wp\/v2\/types\/post"}],"author":[{"embeddable":true,"href":"https:\/\/tvsensor.com\/api\/wp\/v2\/users\/59"}],"replies":[{"embeddable":true,"href":"https:\/\/tvsensor.com\/api\/wp\/v2\/comments?post=24830"}],"version-history":[{"count":1,"href":"https:\/\/tvsensor.com\/api\/wp\/v2\/posts\/24830\/revisions"}],"predecessor-version":[{"id":24832,"href":"https:\/\/tvsensor.com\/api\/wp\/v2\/posts\/24830\/revisions\/24832"}],"wp:featuredmedia":[{"embeddable":true,"href":"https:\/\/tvsensor.com\/api\/wp\/v2\/media\/24831"}],"wp:attachment":[{"href":"https:\/\/tvsensor.com\/api\/wp\/v2\/media?parent=24830"}],"wp:term":[{"taxonomy":"category","embeddable":true,"href":"https:\/\/tvsensor.com\/api\/wp\/v2\/categories?post=24830"},{"taxonomy":"post_tag","embeddable":true,"href":"https:\/\/tvsensor.com\/api\/wp\/v2\/tags?post=24830"}],"curies":[{"name":"wp","href":"https:\/\/api.w.org\/{rel}","templated":true}]}}