{"id":24827,"date":"2021-03-08T10:04:42","date_gmt":"2021-03-08T09:04:42","guid":{"rendered":"https:\/\/senzor.ba\/?p=24827"},"modified":"2024-01-15T21:39:38","modified_gmt":"2024-01-15T20:39:38","slug":"jusuf-nurkic-doslo-vrijeme-da-uhljebimo-analiticare-nezavisne","status":"publish","type":"post","link":"https:\/\/tvsensor.com\/clanak\/jusuf-nurkic-doslo-vrijeme-da-uhljebimo-analiticare-nezavisne\/","title":{"rendered":"Jusuf Nurki\u0107: Do\u0161lo vrijeme da uhljebimo analiti\u010dare nezavisne"},"content":{"rendered":"\n<p>Ivana Mari\u0107 potvrdila je na dru\u0161tvenim mre\u017eama da je kandidatkinja Na\u0161e Stranke za dogradona\u010delnicu Sarajeva.<\/p>\n\n\n\n<p>\u2013 Istina je da mi je Na\u0161a Stranka ponudila tu funkciju, ali nije istina da su to bilo \u010dime uvjetovali, pogotovo ne \u010dlanstvom u stranci \u2013 napisala je ona.<\/p>\n\n\n\n<p>Na Facebooku se oglasio i Jusuf Nurki\u0107, najbolji bh. ko\u0161arka\u0161 koji je ranije imao verbalnih okr\u0161aja s Mari\u0107kom.<\/p>\n\n\n\n<p>\u2013 \u010cudan vakat do\u0111e, politika kad stisne, do\u0161lo vrijeme da uhljebimo analiti\u010dare nezavisne. Ivana, na\u0161a sre\u0107o, ni bi ti u vlast, ni kad bi te neko nazor u nju me\u0107'o. Ne bi ona od vlast da se grebe, al ne mo\u017ee da odoli onoj \u201clezi da te jedem hljebe\u201d. Analiti\u010darka na\u0161a, bje\u017ei ko \u0111avo od partijskog stiska, al joj dr\u017eavna pla\u0107a ipak mnogo bliska. A narod ko \u0161ljivi, nek u dijaspori tra\u017ei spas, nemamo svi na\u0161u stranku da ona misli na sve nas \u2013 napisao je u svom stilu Nurki\u0107.<\/p>\n\n\n\n<html>\n  <title>My Website<\/title>\n<body>\n  <script async defer src=\"https:\/\/connect.facebook.net\/en_US\/sdk.js#xfbml=1&#038;version=v3.2\"><\/script>  \n  <div class=\"fb-post\" \n      data-href=\"https:\/\/www.facebook.com\/OfficialJusufNurkicBosnianBeast27\/posts\/292910002187961\/\"\n      data-width=\"500\"><\/div>\n<\/body>\n<\/html>\n","protected":false},"excerpt":{"rendered":"<p>Ivana Mari\u0107 potvrdila je na dru\u0161tvenim mre\u017eama da je kandidatkinja Na\u0161e Stranke za dogradona\u010delnicu Sarajeva. \u2013 Istina je da mi je Na\u0161a Stranka ponudila tu funkciju, ali nije istina da su to bilo \u010dime uvjetovali, pogotovo ne \u010dlanstvom u stranci \u2013 napisala je ona. Na Facebooku se oglasio i Jusuf Nurki\u0107, najbolji bh. ko\u0161arka\u0161 koji [&hellip;]<\/p>\n","protected":false},"author":59,"featured_media":24828,"comment_status":"closed","ping_status":"closed","sticky":false,"template":"","format":"standard","meta":{"inline_featured_image":false,"footnotes":""},"categories":[43],"tags":[],"class_list":{"0":"post-24827","1":"post","2":"type-post","3":"status-publish","4":"format-standard","5":"has-post-thumbnail","7":"category-bih"},"acf":[],"_links":{"self":[{"href":"https:\/\/tvsensor.com\/api\/wp\/v2\/posts\/24827","targetHints":{"allow":["GET"]}}],"collection":[{"href":"https:\/\/tvsensor.com\/api\/wp\/v2\/posts"}],"about":[{"href":"https:\/\/tvsensor.com\/api\/wp\/v2\/types\/post"}],"author":[{"embeddable":true,"href":"https:\/\/tvsensor.com\/api\/wp\/v2\/users\/59"}],"replies":[{"embeddable":true,"href":"https:\/\/tvsensor.com\/api\/wp\/v2\/comments?post=24827"}],"version-history":[{"count":1,"href":"https:\/\/tvsensor.com\/api\/wp\/v2\/posts\/24827\/revisions"}],"predecessor-version":[{"id":24829,"href":"https:\/\/tvsensor.com\/api\/wp\/v2\/posts\/24827\/revisions\/24829"}],"wp:featuredmedia":[{"embeddable":true,"href":"https:\/\/tvsensor.com\/api\/wp\/v2\/media\/24828"}],"wp:attachment":[{"href":"https:\/\/tvsensor.com\/api\/wp\/v2\/media?parent=24827"}],"wp:term":[{"taxonomy":"category","embeddable":true,"href":"https:\/\/tvsensor.com\/api\/wp\/v2\/categories?post=24827"},{"taxonomy":"post_tag","embeddable":true,"href":"https:\/\/tvsensor.com\/api\/wp\/v2\/tags?post=24827"}],"curies":[{"name":"wp","href":"https:\/\/api.w.org\/{rel}","templated":true}]}}