{"id":24820,"date":"2021-03-08T01:58:44","date_gmt":"2021-03-08T00:58:44","guid":{"rendered":"https:\/\/senzor.ba\/?p=24820"},"modified":"2024-01-15T21:39:38","modified_gmt":"2024-01-15T20:39:38","slug":"zahvaljujuci-gradskoj-upravi-grada-sarajeva-bistricka-stanica-se-vraca-sarajlijama","status":"publish","type":"post","link":"https:\/\/tvsensor.com\/clanak\/zahvaljujuci-gradskoj-upravi-grada-sarajeva-bistricka-stanica-se-vraca-sarajlijama\/","title":{"rendered":"Zahvaljuju\u0107i Gradskoj upravi Grada Sarajeva: Bistri\u010dka stanica se vra\u0107a Sarajlijama"},"content":{"rendered":"\n<h4 class=\"wp-block-heading\" id=\"h-objekat-velike-historijske-vrijednosti-koji-je-nekada-bio-jedan-od-najva-nijih-za-razvoj-moderne-bih-i-sarajeva-postat-e-multifunkcionalni-prostor-i-mjesto-susreta-dru-tvenih-i-kulturnih-doga-aja-navode-iz-gradske-uprave-grada-sarajeva\">Objekat velike historijske vrijednosti koji je nekada bio jedan od najva\u017enijih za razvoj moderne BiH i Sarajeva, postat \u0107e multifunkcionalni prostor i mjesto susreta dru\u0161tvenih i kulturnih doga\u0111aja, navode iz Gradske uprave Grada Sarajeva<\/h4>\n\n\n\n<p>Aktuelna administracija Grada Sarajeva saop\u0107ila je da je, kao \u0161to je to obe\u0107ano na po\u010detku mandata, realizirala svaki svoj zapo\u010deti projekat, javlja Anadolu Agency (AA).<\/p>\n\n\n\n<p>&#8220;Glavnom gradu Bosne i Hercegovine vra\u0107amo njene simbole u rasko\u0161nom, autenti\u010dnom izdanju.Staroj \u017eeljezni\u010dkoj stanici Bistrik, kulturno-historijskom objektu i nacionalnom spomeniku BiH, bili smo du\u017eni kompletnom rekonstrukcijom vratiti reprezentativan izgled i sa ponosom je svim gra\u0111anima Sarajeva predstaviti kao budu\u0107i muzej i turisti\u010dku atrakciju&#8221;, navode iz Gradske uprave Grada Sarajeva.<\/p>\n\n\n\n<p>Zavr\u0161ene su, navode, instalacije i grubo malterisanje kompletne fasade, a trenutno se u segmentu &#8220;A\u201c, nekada\u0161nji glavni dio stani\u010dne zgrade sa aulom i administrativnim sadr\u017eajem, izra\u0111uju dekorativni drveni elementi.<\/p>\n\n\n\n<p>&#8220;Zavr\u0161eni su i radovi na pokrivanju krova segmenta srednjeg dijela &#8220;B\u201c &#8211; nekada\u0161njeg perona i tre\u0107eg &#8220;C\u201c segmenta, pomo\u0107ne zgrade. Slijedi demonta\u017ea postoje\u0107eg, o\u0161te\u0107enog krova i izrada potpuno nove krovne konstrukcije sa svim prate\u0107im radovima&#8221;, nagla\u0161avaju iz Gradske uprave Grada Sarajeva.<\/p>\n\n\n\n<p>Isti\u0107u da \u0107e objekat velike historijske vrijednosti koji je nekada bio jedan od najva\u017enijih za razvoj moderne BiH i Sarajeva, postat \u0107e multifunkcionalni prostor i mjesto susreta dru\u0161tvenih i kulturnih doga\u0111aja.<\/p>\n\n\n\n<p>&#8220;Ljepotu ove impresivne gra\u0111evine pokazao je i reditelj \u0160iba Krvavac u filmu \u201cValter brani Sarajevo\u201d 1972. godine, gdje su se neke od klju\u010dnih scena odvijale upravo na Bistri\u010dkoj stanici i oko nje. Zahvaljuju\u0107i tom filmu, a sada i revitaliziranim sarajevskim simbolima, s pravom mo\u017eemo ponoviti bezvremensku re\u010denicu: &#8220;Onda gledaj laf\u010dino, vidi\u0161 ga\u2026&#8221;, poruka je iz Gradske uprave Grada Sarajeva.<\/p>\n\n\n\n<p>Anadolu Agency<\/p>\n","protected":false},"excerpt":{"rendered":"<p>Objekat velike historijske vrijednosti koji je nekada bio jedan od najva\u017enijih za razvoj moderne BiH i Sarajeva, postat \u0107e multifunkcionalni prostor i mjesto susreta dru\u0161tvenih i kulturnih doga\u0111aja, navode iz Gradske uprave Grada Sarajeva Aktuelna administracija Grada Sarajeva saop\u0107ila je da je, kao \u0161to je to obe\u0107ano na po\u010detku mandata, realizirala svaki svoj zapo\u010deti projekat, [&hellip;]<\/p>\n","protected":false},"author":59,"featured_media":24821,"comment_status":"closed","ping_status":"closed","sticky":false,"template":"","format":"standard","meta":{"inline_featured_image":false,"footnotes":""},"categories":[43,376,37,38],"tags":[],"class_list":{"0":"post-24820","1":"post","2":"type-post","3":"status-publish","4":"format-standard","5":"has-post-thumbnail","7":"category-bih","8":"category-featured","9":"category-vijesti","10":"category-vijesti-iz-bih"},"acf":[],"_links":{"self":[{"href":"https:\/\/tvsensor.com\/api\/wp\/v2\/posts\/24820","targetHints":{"allow":["GET"]}}],"collection":[{"href":"https:\/\/tvsensor.com\/api\/wp\/v2\/posts"}],"about":[{"href":"https:\/\/tvsensor.com\/api\/wp\/v2\/types\/post"}],"author":[{"embeddable":true,"href":"https:\/\/tvsensor.com\/api\/wp\/v2\/users\/59"}],"replies":[{"embeddable":true,"href":"https:\/\/tvsensor.com\/api\/wp\/v2\/comments?post=24820"}],"version-history":[{"count":2,"href":"https:\/\/tvsensor.com\/api\/wp\/v2\/posts\/24820\/revisions"}],"predecessor-version":[{"id":24823,"href":"https:\/\/tvsensor.com\/api\/wp\/v2\/posts\/24820\/revisions\/24823"}],"wp:featuredmedia":[{"embeddable":true,"href":"https:\/\/tvsensor.com\/api\/wp\/v2\/media\/24821"}],"wp:attachment":[{"href":"https:\/\/tvsensor.com\/api\/wp\/v2\/media?parent=24820"}],"wp:term":[{"taxonomy":"category","embeddable":true,"href":"https:\/\/tvsensor.com\/api\/wp\/v2\/categories?post=24820"},{"taxonomy":"post_tag","embeddable":true,"href":"https:\/\/tvsensor.com\/api\/wp\/v2\/tags?post=24820"}],"curies":[{"name":"wp","href":"https:\/\/api.w.org\/{rel}","templated":true}]}}