{"id":24807,"date":"2021-03-07T16:42:07","date_gmt":"2021-03-07T15:42:07","guid":{"rendered":"https:\/\/senzor.ba\/?p=24807"},"modified":"2024-01-15T21:39:38","modified_gmt":"2024-01-15T20:39:38","slug":"sarajevo-odrzan-drugi-valter-trail-utrka-za-hrabre-i-odvazne","status":"publish","type":"post","link":"https:\/\/tvsensor.com\/clanak\/sarajevo-odrzan-drugi-valter-trail-utrka-za-hrabre-i-odvazne\/","title":{"rendered":"Sarajevo: Odr\u017ean drugi Valter Trail, utrka za hrabre i odva\u017ene"},"content":{"rendered":"\n<p>U organizaciji Planinarskog dru\u0161tva Skakavac danas je u Sarajevu odr\u017ean drugi Valter Trail \u2013 BH Telecom, prenosi Anadolu Agency (AA).<\/p>\n\n\n\n<p>Staza Valter Traila je bila izuzetno te\u0161ka, du\u017eine 13,55 kilometara sa visinskom razlikom od 673 metara. Staza, koja je i\u0161la dijelom rute Igmanskog mar\u0161a preko brda Motka i Grabljivih njiva, bila je utrka za hrabre i odva\u017ene.<\/p>\n\n\n\n<p>Start i cilj utrke je bio ispred Planinarskog doma Motka u Vogo\u0161\u0107i, odakle su u\u010desnici tr\u010dali na vrh brda Motka i kru\u017enom stazom kroz Radi\u0107a potok vra\u0107ali se nazad.<\/p>\n\n\n\n<p>Utrku je otvorila Savannah ThomasArrigo, direktorica programskog ureda USAID-a u BiH. Naglasila je da je USAID pokrenuo projekt razvoja odr\u017eivog turizma u Bosni i Hercegovini, a \u010diji je cilj podsticanje op\u0161teg ekonomskog rasta zasnovanog na turizmu i promovisanje dru\u0161tvenog sklada, oslanjaju\u0107i se na bogato kulturno naslije\u0111e i prepoznatljivu prirodu BiH.<\/p>\n\n\n\n<p>Nagrade najuspje\u0161nijim trka\u010dicama i trka\u010dima je dodijelio Samir Avdi\u0107, ministar kulture i sporta Kantona Sarajevo. U mu\u0161koj konkurenciji prvi kroz cilj je pro\u0161ao pro\u0161logodi\u0161nji pobjednik D\u017eemal Ja\u0161arevi\u0107, drugi Zaim \u0160uman, a tre\u0107e mjesto dijele Neven Cicovi\u0107 i Nikola Cui\u0107.<\/p>\n\n\n\n<p>U \u017eenskoj konkurenciji prva je bila Alma Alijagi\u0107, druga Zoe Humel, a te\u0107a Naida Avdi\u0107. Pobjednici i pobjednice su dobili vrijedne nagrade.<\/p>\n\n\n\n<p>Ovogodi\u0161nji Valter Trail \u2013 BH Telecom se organizuje uz podr\u0161ku Ministarstva kulture i sporta KS i Op\u0107ine Vogo\u0161\u0107a.<\/p>\n\n\n\n<p>Amir Ba\u0161i\u0107, predsjednik PD Skakavac je rekao da ovo dru\u0161tvo planira veliki broj aktivnosti u ovoj godini te pozvao sve one koji vole prirodu i fizi\u010dku aktivnost da im se pridru\u017ee.<\/p>\n","protected":false},"excerpt":{"rendered":"<p>U organizaciji Planinarskog dru\u0161tva Skakavac danas je u Sarajevu odr\u017ean drugi Valter Trail \u2013 BH Telecom, prenosi Anadolu Agency (AA). Staza Valter Traila je bila izuzetno te\u0161ka, du\u017eine 13,55 kilometara sa visinskom razlikom od 673 metara. Staza, koja je i\u0161la dijelom rute Igmanskog mar\u0161a preko brda Motka i Grabljivih njiva, bila je utrka za hrabre [&hellip;]<\/p>\n","protected":false},"author":59,"featured_media":24808,"comment_status":"closed","ping_status":"closed","sticky":false,"template":"","format":"standard","meta":{"inline_featured_image":false,"footnotes":""},"categories":[61],"tags":[],"class_list":{"0":"post-24807","1":"post","2":"type-post","3":"status-publish","4":"format-standard","5":"has-post-thumbnail","7":"category-sport"},"acf":[],"_links":{"self":[{"href":"https:\/\/tvsensor.com\/api\/wp\/v2\/posts\/24807","targetHints":{"allow":["GET"]}}],"collection":[{"href":"https:\/\/tvsensor.com\/api\/wp\/v2\/posts"}],"about":[{"href":"https:\/\/tvsensor.com\/api\/wp\/v2\/types\/post"}],"author":[{"embeddable":true,"href":"https:\/\/tvsensor.com\/api\/wp\/v2\/users\/59"}],"replies":[{"embeddable":true,"href":"https:\/\/tvsensor.com\/api\/wp\/v2\/comments?post=24807"}],"version-history":[{"count":1,"href":"https:\/\/tvsensor.com\/api\/wp\/v2\/posts\/24807\/revisions"}],"predecessor-version":[{"id":24809,"href":"https:\/\/tvsensor.com\/api\/wp\/v2\/posts\/24807\/revisions\/24809"}],"wp:featuredmedia":[{"embeddable":true,"href":"https:\/\/tvsensor.com\/api\/wp\/v2\/media\/24808"}],"wp:attachment":[{"href":"https:\/\/tvsensor.com\/api\/wp\/v2\/media?parent=24807"}],"wp:term":[{"taxonomy":"category","embeddable":true,"href":"https:\/\/tvsensor.com\/api\/wp\/v2\/categories?post=24807"},{"taxonomy":"post_tag","embeddable":true,"href":"https:\/\/tvsensor.com\/api\/wp\/v2\/tags?post=24807"}],"curies":[{"name":"wp","href":"https:\/\/api.w.org\/{rel}","templated":true}]}}