{"id":24803,"date":"2021-03-07T16:37:58","date_gmt":"2021-03-07T15:37:58","guid":{"rendered":"https:\/\/senzor.ba\/?p=24803"},"modified":"2024-01-15T21:39:39","modified_gmt":"2024-01-15T20:39:39","slug":"salkic-o-desavanjima-u-bratuncu-velicanje-ratnih-zlocinaca-u-rs-u-posljedica-nepostojanja-zakonske-regulative","status":"publish","type":"post","link":"https:\/\/tvsensor.com\/clanak\/salkic-o-desavanjima-u-bratuncu-velicanje-ratnih-zlocinaca-u-rs-u-posljedica-nepostojanja-zakonske-regulative\/","title":{"rendered":"Salki\u0107 o de\u0161avanjima u Bratuncu: Veli\u010danje ratnih zlo\u010dinaca u RS-u posljedica nepostojanja zakonske regulative"},"content":{"rendered":"\n<p>Ramiz Salki\u0107, potpredsjednik bh. entiteta Republika Srpska, rekao je da je veli\u010danje ratnih zlo\u010dinaca u RS-u posljedica nepostojanja zakonske regulative i mogu\u0107nosti za ka\u017enjavanje po\u010dinilaca kao sredstva za prevenciju ovih aktivnosti u budu\u0107nosti, prenosi Anadolu Agency (AA).<\/p>\n\n\n\n<p>Reaguju\u0107i na postavljanje bilborda u Bratuncu kojim se \u010destita ro\u0111endan ratnom zlo\u010dincu Ratku Mladi\u0107u, Salki\u0107 je kazao da je &#8220;veli\u010danje ratnih zlo\u010dinaca u Bratuncu, Bijeljini i na drugim mjestima u ovom entitetu posljedica nepostojanja zakonske regulative i mogu\u0107nosti za ka\u017enjavanje po\u010dinilaca kao sredstva za prevenciju ovih aktivnosti u budu\u0107nosti&#8221;.<\/p>\n\n\n\n<p>&#8220;Inertnost me\u0111unarodne zajednice spram ovih pojava koje polako, ali sigurno ugro\u017eavaju dostignuti stepen me\u0111unacionalne saradnje u ovom entitetu je zabrinjavaju\u0107a, ali ako pogledamo dublje u pro\u0161lost ona je \u010dini se i o\u010dekivana&#8221;, poru\u010dio je Salki\u0107.<\/p>\n\n\n\n<p>Mi\u0161ljenja je da je izostanak reakcije visokog predstavnika na neustavnu i nezakonitu implementaciju izbornih rezultata u nekim op\u0107inama u entitetu RS kao \u0161to su Bratunac, Vlasenica, Fo\u010da, veliko ohrabrenje za staru i novu generaciju srpskih nacionalista koji bi da stvore nemogu\u0107e uslove za \u017eivot i opstanak Bo\u0161njaka u ovim op\u0107inama, ali i cijelom entitetu.<\/p>\n\n\n\n<p>&#8220;Relativizacija ovih pojava od strane OHR-a, ali i drugih doma\u0107ih i me\u0111unarodnih organizacija bez sumnje \u0107e dovesti do dalje radikalizacije, za po\u010detak politi\u010dke, a kasnije mogu\u0107e i druge prirode. Bilbord posve\u0107en ratnom zlo\u010dincu Ratku Mladi\u0107u u Bratuncu jo\u0161 jedan je u nizu dokaza potrebe da visoki predstavnik nametne zakon o zabrani negiranja genocida i veli\u010danja ratnih zlo\u010dinaca&#8221;, naglasio je Salki\u0107.<\/p>\n\n\n\n<p>Pozvao je nadle\u017ene institucije da istra\u017ee i kazne one koji su izvor \u0161irenja vjerske i nacionalne mr\u017enje i netrpeljivosti kroz postavljanje bilborda sa likom presu\u0111enog ratnog zlo\u010dinca za genocid nad stanovnicima Bo\u0161njacima Sigurne zone UN-a Srebrenica i druge te\u0161ke zlo\u010dine, Ratka Mladi\u0107a.<\/p>\n\n\n\n<p>Dodao je da ima jedna narodna izreka koja ka\u017ee &#8220;\u010dega se pametan i \u010destit \u010dovjek stidi budala se ponosi&#8221;.<\/p>\n","protected":false},"excerpt":{"rendered":"<p>Ramiz Salki\u0107, potpredsjednik bh. entiteta Republika Srpska, rekao je da je veli\u010danje ratnih zlo\u010dinaca u RS-u posljedica nepostojanja zakonske regulative i mogu\u0107nosti za ka\u017enjavanje po\u010dinilaca kao sredstva za prevenciju ovih aktivnosti u budu\u0107nosti, prenosi Anadolu Agency (AA). Reaguju\u0107i na postavljanje bilborda u Bratuncu kojim se \u010destita ro\u0111endan ratnom zlo\u010dincu Ratku Mladi\u0107u, Salki\u0107 je kazao da [&hellip;]<\/p>\n","protected":false},"author":59,"featured_media":24805,"comment_status":"closed","ping_status":"closed","sticky":false,"template":"","format":"standard","meta":{"inline_featured_image":false,"footnotes":""},"categories":[38],"tags":[],"class_list":{"0":"post-24803","1":"post","2":"type-post","3":"status-publish","4":"format-standard","5":"has-post-thumbnail","7":"category-vijesti-iz-bih"},"acf":[],"_links":{"self":[{"href":"https:\/\/tvsensor.com\/api\/wp\/v2\/posts\/24803","targetHints":{"allow":["GET"]}}],"collection":[{"href":"https:\/\/tvsensor.com\/api\/wp\/v2\/posts"}],"about":[{"href":"https:\/\/tvsensor.com\/api\/wp\/v2\/types\/post"}],"author":[{"embeddable":true,"href":"https:\/\/tvsensor.com\/api\/wp\/v2\/users\/59"}],"replies":[{"embeddable":true,"href":"https:\/\/tvsensor.com\/api\/wp\/v2\/comments?post=24803"}],"version-history":[{"count":1,"href":"https:\/\/tvsensor.com\/api\/wp\/v2\/posts\/24803\/revisions"}],"predecessor-version":[{"id":24806,"href":"https:\/\/tvsensor.com\/api\/wp\/v2\/posts\/24803\/revisions\/24806"}],"wp:featuredmedia":[{"embeddable":true,"href":"https:\/\/tvsensor.com\/api\/wp\/v2\/media\/24805"}],"wp:attachment":[{"href":"https:\/\/tvsensor.com\/api\/wp\/v2\/media?parent=24803"}],"wp:term":[{"taxonomy":"category","embeddable":true,"href":"https:\/\/tvsensor.com\/api\/wp\/v2\/categories?post=24803"},{"taxonomy":"post_tag","embeddable":true,"href":"https:\/\/tvsensor.com\/api\/wp\/v2\/tags?post=24803"}],"curies":[{"name":"wp","href":"https:\/\/api.w.org\/{rel}","templated":true}]}}