{"id":24788,"date":"2021-03-07T12:55:37","date_gmt":"2021-03-07T11:55:37","guid":{"rendered":"https:\/\/senzor.ba\/?p=24788"},"modified":"2024-01-15T21:39:39","modified_gmt":"2024-01-15T20:39:39","slug":"odrzana-panel-diskusija-iskustvo-zivljenja-dijaspore-u-turskoj-rijeci-bosna-i-bosnjak-imaju-veliku-tezinu","status":"publish","type":"post","link":"https:\/\/tvsensor.com\/clanak\/odrzana-panel-diskusija-iskustvo-zivljenja-dijaspore-u-turskoj-rijeci-bosna-i-bosnjak-imaju-veliku-tezinu\/","title":{"rendered":"Odr\u017eana panel diskusija &#8220;Iskustvo \u017eivljenja dijaspore u Turskoj\u201c: Rije\u010di Bosna i Bo\u0161njak imaju veliku te\u017einu"},"content":{"rendered":"\n<p>U organizaciji Udru\u017eenja za razvoj saradnje domovine i dijaspore organizovana je \u010detvrta panel diskusija o temi &#8220;Iskustvo \u017eivljenja dijaspore u Turskoj\u201c, sa ciljem spajanja i pobolj\u0161anja saradnje izme\u0111u domovine i dijaspore, javlja Anadolu Agency (AA).<\/p>\n\n\n\n<p>Na panelu su u\u010de\u0161\u0107e uzeli osniva\u010d i predsjednik Udru\u017eenja Bo\u0161njaka iz Izmira i Me\u0111unarodne balkanske kooperative Hamza Yavuz, biv\u0161i ko\u0161arka\u0161ki reprezentativac Bosne i Hercegovine i aktuelni selektor reprezentacije Iraka Adis Be\u0107iragi\u0107, penzionisani turisti\u010dki vodi\u010d Muhidin \u0160ahin, predsjednik Udru\u017eenja bh. alumnija u Turskoj (TUMED) Dino Softi\u0107, doktorant na Uludag univerzitetu u Bursi Muhamed Spori\u0161evi\u0107, \u010dlan Upravnog odbora Udru\u017eenja za razvoja saradnju domovine i dijaspore Mirza \u010cohad\u017ei\u0107 i predsjednik Islamske zajednice Bo\u0161njaka u Italiji i moderator panela Nermin Fazlagi\u0107.<\/p>\n\n\n\n<p>Fazlagi\u0107 se osvrnuo na razloge odr\u017eavanja panela isti\u010du\u0107i da kada pri\u010damo o mnogobrojnoj dijaspori, nemogu\u0107e je izbje\u0107i na\u0161u dijasporu u Turskoj o kojoj se malo govori, posebno kada se uzme u obzir da je ona mo\u017eda i najve\u0107a dijaspora na\u0161ih ljudi po svijetu, ako ubrajamo u nju i potomke prvih imigranata.<\/p>\n\n\n\n<p>&#8220;Na\u0161a dijaspora u Turskoj je mo\u017eda u tom smislu i najstarija bh. dijasporalna zajednica, jedna od najbolje organizovanih, ali i najbolje integrisanih zajednica\u201c, rekao je Fazlagi\u0107.<\/p>\n\n\n\n<p>Mirza \u010cohad\u017ei\u0107 istakao je zna\u010daj ove teme za Bosnu i Hercegovinu i Bo\u0161njaka, s tim da ne dobija pa\u017enju koju zaslu\u017euje.<\/p>\n\n\n\n<p>&#8220;Glavni razlog organizovanja ovog panela je da se preko na\u0161eg udru\u017eenja promovi\u0161e ova pri\u010da, jer se na\u017ealost na\u0161e stanovni\u0161tvo u Turskoj slu\u017ebeno ni ne vodi kao dijaspora.\u201c<\/p>\n\n\n\n<p>Naglasio je da nam nisu poznate statistike niti brojke kad je u pitanju bo\u0161nja\u010dko stanovni\u0161tvo, te da pretpostavke variraju u krajnostima od jednog do \u0161est miliona ljudi, \u0161to je zna\u010dajna varijacija.<\/p>\n\n\n\n<p>&#8220;Od izuzetne je va\u017enosti tematizirati Bo\u0161njake u Turskoj, ne samo izme\u0111u sebe, ne samo putem rodbinskih, duhovnih i historijskih veza sa Republikom Turskom, ve\u0107 to moramo izdi\u0107i na jedan vi\u0161i nivo \u0161to podrazumijeva vi\u0161e istra\u017eivanja, vi\u0161e spajanja na institucionalnom nivou na osnovu kojih \u0107emo mo\u0107i bolje da uve\u017eemo na\u0161e sunarodnjake u Bosni i Hercegovini i Turskoj\u201c, istakao je \u010cohad\u017ei\u0107.<\/p>\n\n\n\n<p>Muhamed Spori\u0161evi\u0107, govorio je o rezultatima svog istra\u017eivanja sprovedenog na selu Turan blizu Burse, kojeg su 25. marta 1885. godine osnovali i ve\u0107inu dana\u0161njeg stanovni\u0161tva \u010dine Bo\u0161njaci doseljeni iz Krajine koji su emigrirali tokom uspostave austrougarske vlasti 1878. godine.<\/p>\n\n\n\n<p>&#8220;Kada govorimo o Bo\u0161njacima u Turskoj, moramo gledati dva aspekta: prvi, ve\u0107ina migranata se naseljavala na selo, osim onih koji su u Bosni tako\u0111er \u017eivjeli u gradovima. Integracija i asimilacija su se odvili na dva razli\u010dita na\u010dina \u2013 u gradovima su tekli br\u017ee nego na selu; drugi, velike prekretnice, kao \u0161to je uspostava Republike Turske i vojni udar \u0161ezdesetih, nakon kojeg su novim zakonom uvedene osnovne \u0161kole u svako selo, radi u\u010denja turskog jezika, koji je bio tada znatno manje zastupljen. Ovaj razvoj de\u0161avanja doveo je do migracija iz sela u grad i glavni je razlog za\u0161to bosanski danas uglavnom \u010duvaju stariji ljudi\u201c, rekao je Spori\u0161evi\u0107.<\/p>\n\n\n\n<p>Spori\u0161evi\u0107 je, nagla\u0161avaju\u0107i da &#8220;stanje jeste kriti\u010dno, ali da jo\u0161 nije kasno\u201c, zbog \u010dega je osnovao kurs bosanskog jezika u Bursi kroz koji je, za samo dvije godine, pro\u0161lo oko pet stotina polaznika.<\/p>\n\n\n\n<p>Dino Softi\u0107, biv\u0161i student me\u0111unarodnih odnosa u Ankari i sada\u0161nji predsjednik TUMED-a (Udru\u017eenje bh. alumnija u Turskoj), govorio je o vlastitoj perspektivi \u017eivota u Turskoj, kao i mogu\u0107nosti koje su mu pru\u017eene u tom smislu.<\/p>\n\n\n\n<p>&#8220;Najvi\u0161e me fasciniralo prihva\u0107anje. Rije\u010di Bosna i Bo\u0161njak imaju veliku te\u017einu. Bo\u0161njaci iz Bosne i Sand\u017eaka visoko kotiraju u Turskoj. Otvorena su nam mnoga vrata, ali to nije dovoljno iskori\u0161teno. Moramo uspostaviti bolje odnose i razvijeniju me\u0111usobnu saradnju. Mi mladi mo\u017eemo biti spona koja je potrebna za korak dalje\u201c, rekao je Softi\u0107.<\/p>\n\n\n\n<p>Adis Be\u0107iragi\u0107, ro\u0111eni Sarajlija, u Tursku je do\u0161ao 1993. godine, gdje \u017eivi posljednjih 28 godina \u017eivota.<\/p>\n\n\n\n<p>&#8220;Osje\u0107ao sam se od prvog dana kao u svojoj ku\u0107i. Nikad me niko nije pogledao kao stranca. Vrlo lahko u\u0111e\u0161 u tokove \u017eivota u Turskoj, za razliku od drugih, koji po\u010dnu osje\u0107aju\u0107i se kao stranci\u201c, rekao je Be\u0107iragi\u0107.<\/p>\n\n\n\n<p>Govore\u0107i o povezanosti sporta u Turskoj, naro\u010dito ko\u0161arke, sa Bo\u0161njacima, Be\u0107iragi\u0107 je naveo mnoga zvu\u010dna imena turske ko\u0161arke, kao \u0161to su Hidayet Turkoglu, Mirsad Turkcan, Mehmet Okur, Cedi Osman (D\u017eedi) i drugi.<\/p>\n\n\n\n<p>&#8220;Ko\u0161arka u Turskoj zasnovana je na Bo\u0161njacima, a usto su najpoznatiji turski ko\u0161arka\u0161ki reprezentativci porijeklom Bo\u0161njaci\u201c, kazao je Be\u0107iragi\u0107.<\/p>\n","protected":false},"excerpt":{"rendered":"<p>U organizaciji Udru\u017eenja za razvoj saradnje domovine i dijaspore organizovana je \u010detvrta panel diskusija o temi &#8220;Iskustvo \u017eivljenja dijaspore u Turskoj\u201c, sa ciljem spajanja i pobolj\u0161anja saradnje izme\u0111u domovine i dijaspore, javlja Anadolu Agency (AA). Na panelu su u\u010de\u0161\u0107e uzeli osniva\u010d i predsjednik Udru\u017eenja Bo\u0161njaka iz Izmira i Me\u0111unarodne balkanske kooperative Hamza Yavuz, biv\u0161i ko\u0161arka\u0161ki [&hellip;]<\/p>\n","protected":false},"author":59,"featured_media":24790,"comment_status":"closed","ping_status":"closed","sticky":false,"template":"","format":"standard","meta":{"inline_featured_image":false,"footnotes":""},"categories":[39],"tags":[],"class_list":{"0":"post-24788","1":"post","2":"type-post","3":"status-publish","4":"format-standard","5":"has-post-thumbnail","7":"category-dijaspora"},"acf":[],"_links":{"self":[{"href":"https:\/\/tvsensor.com\/api\/wp\/v2\/posts\/24788","targetHints":{"allow":["GET"]}}],"collection":[{"href":"https:\/\/tvsensor.com\/api\/wp\/v2\/posts"}],"about":[{"href":"https:\/\/tvsensor.com\/api\/wp\/v2\/types\/post"}],"author":[{"embeddable":true,"href":"https:\/\/tvsensor.com\/api\/wp\/v2\/users\/59"}],"replies":[{"embeddable":true,"href":"https:\/\/tvsensor.com\/api\/wp\/v2\/comments?post=24788"}],"version-history":[{"count":1,"href":"https:\/\/tvsensor.com\/api\/wp\/v2\/posts\/24788\/revisions"}],"predecessor-version":[{"id":24791,"href":"https:\/\/tvsensor.com\/api\/wp\/v2\/posts\/24788\/revisions\/24791"}],"wp:featuredmedia":[{"embeddable":true,"href":"https:\/\/tvsensor.com\/api\/wp\/v2\/media\/24790"}],"wp:attachment":[{"href":"https:\/\/tvsensor.com\/api\/wp\/v2\/media?parent=24788"}],"wp:term":[{"taxonomy":"category","embeddable":true,"href":"https:\/\/tvsensor.com\/api\/wp\/v2\/categories?post=24788"},{"taxonomy":"post_tag","embeddable":true,"href":"https:\/\/tvsensor.com\/api\/wp\/v2\/tags?post=24788"}],"curies":[{"name":"wp","href":"https:\/\/api.w.org\/{rel}","templated":true}]}}