{"id":24785,"date":"2021-03-07T12:53:06","date_gmt":"2021-03-07T11:53:06","guid":{"rendered":"https:\/\/senzor.ba\/?p=24785"},"modified":"2024-01-15T21:39:39","modified_gmt":"2024-01-15T20:39:39","slug":"krug-99-o-temi-bih-i-kosovo-vizni-rezim-pogodio-iskljucivo-bosnjake-i-bosne-i-kosova","status":"publish","type":"post","link":"https:\/\/tvsensor.com\/clanak\/krug-99-o-temi-bih-i-kosovo-vizni-rezim-pogodio-iskljucivo-bosnjake-i-bosne-i-kosova\/","title":{"rendered":"&#8220;Krug 99&#8221; o temi BiH i Kosovo: Vizni re\u017eim pogodio isklju\u010divo Bo\u0161njake i Bosne i Kosova"},"content":{"rendered":"\n<p>U\u010desnici redovne sesije &#8220;Kruga 99&#8221; o temi &#8220;BiH i Kosovo &#8211; odbacivanje politika izolacionizma&#8221; poru\u010dili su da je jako bitno da institucionalna povezanost Bosne i Hercegovine i Kosova bude ja\u010da, javlja Anadolu Agency (AA).<\/p>\n\n\n\n<p>Adil Kulenovi\u0107, predsjednik &#8220;Kruga 99&#8221;, kazao je da je politika izolacionizma najrazornija za dr\u017eavu i dru\u0161tvo, ako je to stanje izbor dominantnih vlasti, politi\u010dkih vladaju\u0107ih struktura.<\/p>\n\n\n\n<p>&#8220;Toliko je primjera u historiji koji su doveli do nestanka i carstava i monarhija ali i etni\u010dkih grupa. Decenijsko zaustavljanje slobodnog protoka ljudi, roba, ideja, nauke i znanja izme\u0111u Kosova i BiH, jedinstven je primjer na evropskom tlu psihopatologije klju\u010dnih politi\u010dkih li\u010dnost i pripadaju\u0107ih velikodr\u017eavnih struktura motivisanih dubokom mr\u017enjom prema drugim politi\u010dkim zajednicama i dr\u017eavama&#8221;, pojasnio je Kulenovi\u0107.<\/p>\n\n\n\n<p>Smatra da nacionalne manjine moraju biti mostovi povezivanja i saradnje.<\/p>\n\n\n\n<p>&#8220;Politika izolacionizma osu\u0111ena je na historijski neuspjeh&#8221;, dodao je Kulenovi\u0107.<\/p>\n\n\n\n<p>Uvodni\u010dar Nuhija Tairovci, predsjednik BZK Preporod na Kosovu i glavni urednik Radio Gore, osvrnuo se na status Bo\u0161njaka na Kosovu, odnosno na ono dokle su stigli u ostvarivanju svojih prava.<\/p>\n\n\n\n<p>&#8220;Bo\u0161njaci su nakon rata konstitutivan narod. Postoji obrazovni sistem na bosanskom jeziku od pred\u0161kolskog do univerzitetskog nivoa. Pravo na jezik u sredinama u kojim \u017eivi ve\u0107i broj Bo\u0161njaka, tri garantirana zastupni\u010dka mjesta u parlamentu Kosova, i jo\u0161 mnogo toga. Dakle, Bo\u0161njaci, odnosno bo\u0161nja\u010dki zastupnici su se sami izborili za vitalna prava dostojna \u017eivljenja. Na\u017ealost, dr\u017eava BiH u ovom pravcu nije imala nekog zna\u010dajnijeg udjela&#8221;, pojasnio je Tairovci.<\/p>\n\n\n\n<p>Kako je kazao, Bo\u0161njaci su za sebe osigurali prava, a BiH im u tom pogledu nije pomogla.<\/p>\n\n\n\n<p>&#8220;Ali nije bilo ni potrebe. Verbalna podr\u0161ka bi bila vi\u0161e nego dovoljna satisfakcija svima koji daju doprinos u o\u010duvanju svijesti po nacionalnom identitetu. \u0160to se ti\u010de Kosova, mo\u017eemo re\u0107i da smo zadovoljni statusom kao i pravima koje imamo. Ono \u0161to nam najvi\u0161e nedostaje jeste podr\u0161ka institucija ili barem predstavnika Bo\u0161njaka u institucijama dr\u017eave BiH&#8221;, rekao je Tairovci.<\/p>\n\n\n\n<p>Kada govorimo o odnosu BiH prema Kosovu, ra\u010dunaju\u0107i da na Kosovu \u017eivi vi\u0161e desetina hiljada Bo\u0161njaka, Tairovci je stavio akcenat na to da je &#8220;vizni re\u017eim pogodio isklju\u010divo Bo\u0161njake i Bosne i Kosova&#8221;.<\/p>\n\n\n\n<p>Elmir Karad\u017ei, magistar, doktorant na Fakultetu politi\u010dkih nauka u Sarajevu, kazao je da u vrijeme kada se dr\u017eave i dru\u0161tva sve vi\u0161e otvaraju i imaju potrebu da razvijaju i ja\u010daju bilateralne odnose, dvije balkanske zemlje, BiH i Kosovo, i dalje su van tih tokova.<\/p>\n\n\n\n<p>&#8220;Strogi vizni re\u017eim uz primjenu mjera reciprociteta, stvorila je izolacionisti\u010dka politika. Sti\u010de se dojam kao da BiH i Kosovo imaju neki nerije\u0161eni politi\u010dki problem koji se vu\u010de stolje\u0107ima iako ova dva prijateljska naroda nikada nisu imali ozbiljnih me\u0111usobnih sukoba, \u010dak \u0161ta vi\u0161e Bosanci, odnosno Bo\u0161njaci i Albanci imaju tradicinalno dobre odnose&#8221;, istakao je Karad\u017ei.<\/p>\n\n\n\n<p>Emilija Red\u017eepi, predsjednica Nove demokratske stranke (NDS) i zastupnica u Skup\u0161tini Kosova u vi\u0161e saziva, smatra da je jako bitno da institucionalna povezanost BiH i Kosova bude ja\u010da i da bh. politi\u010dka elita Bo\u0161njaka u BiH poka\u017ee vi\u0161e interesovanja za Bo\u0161njake na Kosovu.<\/p>\n\n\n\n<p>&#8220;Pro\u0161lo je 20 godina od zavr\u0161etka rata na Kosovu i mi se sami borimo za svoja prava \u0161tite\u0107i interese na\u0161e zajednice, onako kako znamo i umijemo. Nemamo jasnu podr\u0161ku na\u0161e mati\u010dne dr\u017eave kao \u0161to imaju Srbi na Kosovu, Albanci&#8230;&#8221;, istakla je Red\u017eepi.<\/p>\n\n\n\n<p>Kako je kazala, potrebna im je svaka vrsta pomo\u0107i &#8211; stru\u010dna, akademska, usavr\u0161avanje stru\u010dnih kadrova&#8230;<\/p>\n\n\n\n<p>Novinar u RTK i pjesnik Mustafa Balje smatra da je veoma va\u017eno te\u017eiti, afirmisati, produbljivati saradnju preko ni\u017eih oblika povezivanja.<\/p>\n\n\n\n<p>&#8220;Inicijative trebamo pokretati odozdo, a ne s vrha koji je za sada nedosti\u017ean. Uskra\u0107eno nam je elementarno ljudsko pravo &#8211; sloboda kretanja, ne mo\u017eemo do svojih najbli\u017eih i prijatelja, a \u017eivimo u globalnom svijetu koji ukida granice&#8221;, naglasio je Balje.<\/p>\n\n\n\n<p>Sahit Kandi\u0107, aktivista civilnog dru\u0161tva i predstavnik BKZ Kosova, kazao je da Kosovo koristi sve potencijale, imaju jaku i bogatu dijasporu koja dobro lobira za nacionalni interes.<\/p>\n","protected":false},"excerpt":{"rendered":"<p>U\u010desnici redovne sesije &#8220;Kruga 99&#8221; o temi &#8220;BiH i Kosovo &#8211; odbacivanje politika izolacionizma&#8221; poru\u010dili su da je jako bitno da institucionalna povezanost Bosne i Hercegovine i Kosova bude ja\u010da, javlja Anadolu Agency (AA). Adil Kulenovi\u0107, predsjednik &#8220;Kruga 99&#8221;, kazao je da je politika izolacionizma najrazornija za dr\u017eavu i dru\u0161tvo, ako je to stanje izbor [&hellip;]<\/p>\n","protected":false},"author":59,"featured_media":24786,"comment_status":"closed","ping_status":"closed","sticky":false,"template":"","format":"standard","meta":{"inline_featured_image":false,"footnotes":""},"categories":[40],"tags":[],"class_list":{"0":"post-24785","1":"post","2":"type-post","3":"status-publish","4":"format-standard","5":"has-post-thumbnail","7":"category-region"},"acf":[],"_links":{"self":[{"href":"https:\/\/tvsensor.com\/api\/wp\/v2\/posts\/24785","targetHints":{"allow":["GET"]}}],"collection":[{"href":"https:\/\/tvsensor.com\/api\/wp\/v2\/posts"}],"about":[{"href":"https:\/\/tvsensor.com\/api\/wp\/v2\/types\/post"}],"author":[{"embeddable":true,"href":"https:\/\/tvsensor.com\/api\/wp\/v2\/users\/59"}],"replies":[{"embeddable":true,"href":"https:\/\/tvsensor.com\/api\/wp\/v2\/comments?post=24785"}],"version-history":[{"count":1,"href":"https:\/\/tvsensor.com\/api\/wp\/v2\/posts\/24785\/revisions"}],"predecessor-version":[{"id":24787,"href":"https:\/\/tvsensor.com\/api\/wp\/v2\/posts\/24785\/revisions\/24787"}],"wp:featuredmedia":[{"embeddable":true,"href":"https:\/\/tvsensor.com\/api\/wp\/v2\/media\/24786"}],"wp:attachment":[{"href":"https:\/\/tvsensor.com\/api\/wp\/v2\/media?parent=24785"}],"wp:term":[{"taxonomy":"category","embeddable":true,"href":"https:\/\/tvsensor.com\/api\/wp\/v2\/categories?post=24785"},{"taxonomy":"post_tag","embeddable":true,"href":"https:\/\/tvsensor.com\/api\/wp\/v2\/tags?post=24785"}],"curies":[{"name":"wp","href":"https:\/\/api.w.org\/{rel}","templated":true}]}}