{"id":24782,"date":"2021-03-07T12:52:02","date_gmt":"2021-03-07T11:52:02","guid":{"rendered":"https:\/\/senzor.ba\/?p=24782"},"modified":"2024-01-15T21:39:39","modified_gmt":"2024-01-15T20:39:39","slug":"mostar-biciklijada-s-ciljem-promocije-turizma-u-hercegovini","status":"publish","type":"post","link":"https:\/\/tvsensor.com\/clanak\/mostar-biciklijada-s-ciljem-promocije-turizma-u-hercegovini\/","title":{"rendered":"Mostar: Biciklijada s ciljem promocije turizma u Hercegovini"},"content":{"rendered":"\n<p>Biciklijada \u201cStazom misti\u010dne pro\u0161losti\u201c u organizaciji Udru\u017eenja za promociju biciklizma Hercegovina Bicikl zapo\u010dela je jutros na \u0160panskom trgu, a okon\u010dat \u0107e se tokom dana u Blagaju, javlja Anadolu Agency (AA).<\/p>\n\n\n\n<p>Biciklisti iz cijele Bosne i Hercegovine koji su se odazvali pozivu &#8220;Hercegovina Bicikla&#8221; vozit \u0107e stazom duga\u010dkom 45 kilometara, uz dru\u017eenje na vi\u0161e destinacija. Uglavnom \u0107e se voziti asfaltnim dionicama, uz posjete spomeniku prirode u mjestu Buna gdje se istoimena rijeka ulijeva u Neretvu, Stjepan-gradu u Blagaju, te jo\u0161 nekim znamenitostima ovog kraja.<\/p>\n\n\n\n<p>\u201cImamo oko 50 u\u010desnika. Ovo je ina\u010de prva biciklijada u kalendaru na\u0161ih aktivnosti. Ideja je da danas prije svega promovi\u0161emo Hercegovinu kao turisti\u010dku destinaciju, odnosno takozvane ciklovodi\u010de. Dana\u0161nja biciklijada je prakti\u010dna nastava u vremenu pandemije za njih. Ovdje su danas doma\u0107i turisti, oni pla\u0107aju simboli\u010dnu kotizaciju u iznosu od pet maraka od \u010dega \u0107e se finansirati dalji rad pomenutih vodi\u010da\u201c, rekao je predsjednik Udru\u017eenja &#8220;Hercegovina bike&#8221; Toni Zori\u0107.<\/p>\n\n\n\n<p>Prvu pauzu tokom dana\u0161nje biciklijade u\u010desnici \u0107e napraviti na Bunskim kanalima \u2013 parku prirode za \u010diji opstanak se bore eko-aktivisiti iz cijele zemlje, nakon \u0161to je davno objelodanjena ideja o gradnji mini hidro-elektrana na ovom lokalitetu.<\/p>\n\n\n\n<p>Poslije kra\u0107eg zadr\u017eavanja, slijedi nastavak biciklijade prema Blagaju.<\/p>\n","protected":false},"excerpt":{"rendered":"<p>Biciklijada \u201cStazom misti\u010dne pro\u0161losti\u201c u organizaciji Udru\u017eenja za promociju biciklizma Hercegovina Bicikl zapo\u010dela je jutros na \u0160panskom trgu, a okon\u010dat \u0107e se tokom dana u Blagaju, javlja Anadolu Agency (AA). Biciklisti iz cijele Bosne i Hercegovine koji su se odazvali pozivu &#8220;Hercegovina Bicikla&#8221; vozit \u0107e stazom duga\u010dkom 45 kilometara, uz dru\u017eenje na vi\u0161e destinacija. Uglavnom [&hellip;]<\/p>\n","protected":false},"author":59,"featured_media":24783,"comment_status":"closed","ping_status":"closed","sticky":false,"template":"","format":"standard","meta":{"inline_featured_image":false,"footnotes":""},"categories":[68],"tags":[],"class_list":{"0":"post-24782","1":"post","2":"type-post","3":"status-publish","4":"format-standard","5":"has-post-thumbnail","7":"category-ljepote-bih"},"acf":[],"_links":{"self":[{"href":"https:\/\/tvsensor.com\/api\/wp\/v2\/posts\/24782","targetHints":{"allow":["GET"]}}],"collection":[{"href":"https:\/\/tvsensor.com\/api\/wp\/v2\/posts"}],"about":[{"href":"https:\/\/tvsensor.com\/api\/wp\/v2\/types\/post"}],"author":[{"embeddable":true,"href":"https:\/\/tvsensor.com\/api\/wp\/v2\/users\/59"}],"replies":[{"embeddable":true,"href":"https:\/\/tvsensor.com\/api\/wp\/v2\/comments?post=24782"}],"version-history":[{"count":1,"href":"https:\/\/tvsensor.com\/api\/wp\/v2\/posts\/24782\/revisions"}],"predecessor-version":[{"id":24784,"href":"https:\/\/tvsensor.com\/api\/wp\/v2\/posts\/24782\/revisions\/24784"}],"wp:featuredmedia":[{"embeddable":true,"href":"https:\/\/tvsensor.com\/api\/wp\/v2\/media\/24783"}],"wp:attachment":[{"href":"https:\/\/tvsensor.com\/api\/wp\/v2\/media?parent=24782"}],"wp:term":[{"taxonomy":"category","embeddable":true,"href":"https:\/\/tvsensor.com\/api\/wp\/v2\/categories?post=24782"},{"taxonomy":"post_tag","embeddable":true,"href":"https:\/\/tvsensor.com\/api\/wp\/v2\/tags?post=24782"}],"curies":[{"name":"wp","href":"https:\/\/api.w.org\/{rel}","templated":true}]}}