{"id":24762,"date":"2021-03-07T12:39:31","date_gmt":"2021-03-07T11:39:31","guid":{"rendered":"https:\/\/senzor.ba\/?p=24762"},"modified":"2024-01-15T21:39:40","modified_gmt":"2024-01-15T20:39:40","slug":"izjava-predstavnika-politickih-stranaka-o-polozaju-povratnika-u-srebrenici","status":"publish","type":"post","link":"https:\/\/tvsensor.com\/clanak\/izjava-predstavnika-politickih-stranaka-o-polozaju-povratnika-u-srebrenici\/","title":{"rendered":"Izjava predstavnika politi\u010dkih stranaka o polo\u017eaju povratnika u Srebrenici"},"content":{"rendered":"\n<p>Nakon \u0161to je 4. marta 2021. godine u Sarajevu, na inicijativu i poziv reisu-l-uleme Islamske zajednice (IZ) u Bosni i Hercegovini Huseina ef. Kavazovi\u0107a, odr\u017ean sastanak najvi\u0161ih dr\u017eavnih i politi\u010dkih predstavnika Bo\u0161njaka na razli\u010ditim nivoima vlasti i rukovodstva Islamske zajednice koje su predvodili reisu-l-ulema i predsjednik Sabora, u\u010desnici skupa su potpisali zajedni\u010dku izjavu o polo\u017eaju povratnika u bosanskohercegova\u010dki entitet Republika Srpska (RS), a naro\u010dito u Srebrenicu.<\/p>\n\n\n\n<p>Tim povodom reisu-l-ulema Kavazovi\u0107 je kazao kako je osjetio potrebu da posreduje me\u0111u onim predstavnicima vlasti na razli\u010ditim nivoima koji mogu pomo\u0107i iznala\u017eenju politika koje \u0107e predstavljati konkretan odgovor nakon posljednjih de\u0161avanja u entitetu RS, a naro\u010dito poku\u0161aja da se Bo\u0161njaci, Hrvati i ostali gra\u0111ani nesprske nacionalnosti u potpunosti elimini\u0161u iz politi\u010dkog \u017eivota i da se zavr\u0161i proces tzv. etni\u010dkog \u010di\u0161\u0107enja, posebno u Srebrenici kao mjestu po\u010dinjenja genocida.<\/p>\n\n\n\n<p>&#8220;Cilj nam je bio organizovati sastanak, ali i poru\u010diti da povratak prognanih i status Srebrenice predstavljaju crvenu liniju, ne samo za Islamsku zajednicu koja je zabrinuta za svoj opstanak na ovom dijelu Bosne i Hercegovine. Tako\u0111er nam je cilj bio ohrabriti politi\u010dare da interese svih gra\u0111ana BiH stavljaju iznad interesa bilo koje politi\u010dke stranke&#8221;, kazao je Kavazovi\u0107.<\/p>\n\n\n\n<p>On se nada da \u0107e ova inicijativa biti osnova politi\u010dkog programa koji \u0107e podr\u017eati i druge politi\u010dke opcije, ne samo one sa sjedi\u0161tem u Sarajevu.<\/p>\n\n\n\n<p>&#8220;Jer, identi\u010dno bi se reagovalo i na diskriminaciju bilo kojeg naroda ili gra\u0111anina na bilo kojem dijelu Bosne i Hercegovine. Od ishoda ove inicijative zavisi, ne samo opstanak Bo\u0161njaka na jednom dijelu Bosne i Hercegovine, nego i multietni\u010dki karakter na\u0161e domovine i, ako ho\u0107ete, provo\u0111enje samog Dejtonskog mirovnog sporazuma u kojem je povratak prognanih jedan o osnovnih temelja&#8221;, kazao je ovim povodom reisu-l-ulema Kavazovi\u0107.<\/p>\n\n\n\n<p>Izjavu su potpisali \u010dlan Predsjedni\u0161tva Bosne i Hercegovine iz reda Bo\u0161njaka \u0160efik D\u017eaferovi\u0107, premijer Federacije BiH Fadil Novali\u0107 te predsjednici politi\u010dkih stranaka\/partija SDA, SBB i NIP, Bakir Izetbegovi\u0107, Fahrudin Radon\u010di\u0107 i Elmedin Konakovi\u0107.<\/p>\n\n\n\n<p>Od onih koji su prisustvovali sastanku i kojima je ponu\u0111eno da potpi\u0161u ovu izjavu, jedino je nije potpisao predsjednik SDP Nermin Nik\u0161i\u0107.<\/p>\n\n\n\n<p>Obavezali su se da \u0107e u budu\u0107em politi\u010dkom djelovanju probosanskih partija\/stranaka u bosanskohercegova\u010dkom entitetu RS prevazi\u0107i sve strana\u010dke interese i u prvi plan staviti dr\u017eavu Bosnu i Hercegovinu, a posebno njene gra\u0111ane koji su povratnici u bosanskohercegova\u010dki entitet RS.<\/p>\n\n\n\n<p>Da \u0107e zajedni\u010dkim djelovanjem politi\u010dki oja\u010dati poziciju integracionih snaga u ovom dijelu Bosne i Hercegovine i olak\u0161ati \u017eivot povratnicima.<\/p>\n\n\n\n<p>Obavezali su se i da \u0107e izraditi sveobuhvatan program za opstanak i odr\u017eivi razvoj Bo\u0161njaka i Hrvata u dijelu Bosne i Hercegovine koji je trenutno u sastavu administrativne jedinice bosanskohercegova\u010dki entitet RS u roku od 60 dana.<\/p>\n\n\n\n<p>&#8220;Prilikom formiranja bud\u017eeta dr\u017eave Bosne i Hercegovine i oba entiteta, kantona i op\u0107ina, zahtijevati godi\u0161nje izdvajanje za podr\u0161ku povratnicima u iznosu od 0,2 do dva posto. Omogu\u0107iti bezuvjetnu institucionalnu zdravstvenu za\u0161titu povratnicima u bosanskohercegova\u010dki entitet RS u Federaciji BiH&#8221;, navedeno je u izjavi.<\/p>\n\n\n\n<p>Obavezali su se i da \u0107e izraditi studiju i sa\u010diniti plan otvaranja bosanskohercegova\u010dkih \u0161kolskih centara u bosanskohercegova\u010dkom entitetu RS, kako djeca povratnika ne bi trpjela diskriminaciju u u\u010denju svog jezika i nacionalne grupe predmeta.<\/p>\n\n\n\n<p>&#8220;Insistirati na pokretanju tu\u017ebi na svim poljima protiv institucija i pojedinaca koji kr\u0161e osnovna ljudska prava i prave diskriminacije po bilo kom osnovu. Insistirati na usvajanju Zakona o restituciji na nivou dr\u017eave Bosne i Hercegovine i na potpisivanju Ugovora izme\u0111u Islamske zajednice i dr\u017eave Bosne i Hercegovine, jer Islamska zajednica u Bosni i Hercegovini kao najve\u0107a vjerska zajednica nema potpisan ugovor sa dr\u017eavom&#8221;, obavezali su se potpisnici.<\/p>\n\n\n\n<p>Kada je Srebrenica u pitanju, posebno se obavezuju da u roku od 60 dana donesu i usvoje poseban sveobuhvatan plan za revitalizaciju Srebrenice &#8220;Srebrenica 2030&#8221;, iza kojeg \u0107e nesebi\u010dno stati sve dr\u017eavne institucije, politi\u010dke partije\/stranke, nevladine organizacije i \u0161iroki krug javnosti.<\/p>\n\n\n\n<p>&#8220;Plan mora obuhvatiti 10-godi\u0161nju projekciju politi\u010dkog, ekonomskog i kulturnog djelovanja u Srebrenici sa jasno izra\u017eenim ciljevima i na\u010dinom mjerenja ostvarenih rezultata. Insistirat \u0107emo da se donese novi statut za Srebrenicu, kojim bi se osigurala ravnopravnost u predstavni\u010dkoj i izvr\u0161noj vlasti, odnosno da Srebrenica ima poseban status u okviru RS i BiH i da bude progla\u0161ena regijom od posebnog evropskog zna\u010daja&#8221;, naveli su potpisnici.<\/p>\n","protected":false},"excerpt":{"rendered":"<p>Nakon \u0161to je 4. marta 2021. godine u Sarajevu, na inicijativu i poziv reisu-l-uleme Islamske zajednice (IZ) u Bosni i Hercegovini Huseina ef. Kavazovi\u0107a, odr\u017ean sastanak najvi\u0161ih dr\u017eavnih i politi\u010dkih predstavnika Bo\u0161njaka na razli\u010ditim nivoima vlasti i rukovodstva Islamske zajednice koje su predvodili reisu-l-ulema i predsjednik Sabora, u\u010desnici skupa su potpisali zajedni\u010dku izjavu o polo\u017eaju [&hellip;]<\/p>\n","protected":false},"author":59,"featured_media":24763,"comment_status":"closed","ping_status":"closed","sticky":false,"template":"","format":"gallery","meta":{"inline_featured_image":false,"footnotes":""},"categories":[38],"tags":[],"class_list":{"0":"post-24762","1":"post","2":"type-post","3":"status-publish","4":"format-gallery","5":"has-post-thumbnail","7":"category-vijesti-iz-bih","8":"post_format-post-format-gallery"},"acf":[],"_links":{"self":[{"href":"https:\/\/tvsensor.com\/api\/wp\/v2\/posts\/24762","targetHints":{"allow":["GET"]}}],"collection":[{"href":"https:\/\/tvsensor.com\/api\/wp\/v2\/posts"}],"about":[{"href":"https:\/\/tvsensor.com\/api\/wp\/v2\/types\/post"}],"author":[{"embeddable":true,"href":"https:\/\/tvsensor.com\/api\/wp\/v2\/users\/59"}],"replies":[{"embeddable":true,"href":"https:\/\/tvsensor.com\/api\/wp\/v2\/comments?post=24762"}],"version-history":[{"count":2,"href":"https:\/\/tvsensor.com\/api\/wp\/v2\/posts\/24762\/revisions"}],"predecessor-version":[{"id":24767,"href":"https:\/\/tvsensor.com\/api\/wp\/v2\/posts\/24762\/revisions\/24767"}],"wp:featuredmedia":[{"embeddable":true,"href":"https:\/\/tvsensor.com\/api\/wp\/v2\/media\/24763"}],"wp:attachment":[{"href":"https:\/\/tvsensor.com\/api\/wp\/v2\/media?parent=24762"}],"wp:term":[{"taxonomy":"category","embeddable":true,"href":"https:\/\/tvsensor.com\/api\/wp\/v2\/categories?post=24762"},{"taxonomy":"post_tag","embeddable":true,"href":"https:\/\/tvsensor.com\/api\/wp\/v2\/tags?post=24762"}],"curies":[{"name":"wp","href":"https:\/\/api.w.org\/{rel}","templated":true}]}}