{"id":24759,"date":"2021-03-07T09:41:23","date_gmt":"2021-03-07T08:41:23","guid":{"rendered":"https:\/\/senzor.ba\/?p=24759"},"modified":"2024-01-15T21:39:40","modified_gmt":"2024-01-15T20:39:40","slug":"kristo-izmjene-izbornog-zakona-moraju-biti-imperativ-za-sve-nema-alternative","status":"publish","type":"post","link":"https:\/\/tvsensor.com\/clanak\/kristo-izmjene-izbornog-zakona-moraju-biti-imperativ-za-sve-nema-alternative\/","title":{"rendered":"Kri\u0161to: Izmjene Izbornog zakona moraju biti imperativ za sve, nema alternative"},"content":{"rendered":"\n<p><strong>Predsjedavaju\u0107a Predstavni\u010dkog doma Parlamentarne skup\u0161tine Bosne i Hercegovine Borjana Kri\u0161to (HDZ BiH) isti\u010de da u tom najvi\u0161em zakonodavnom tijelu u dr\u017eavi svjedo\u010dimo poplavi poslani\u010dkih inicijativa koje su utemeljene na populizmu i prikupljanju dnevnopoliti\u010dkih poena.<\/strong><\/p>\n\n\n\n<p>U razgovoru za Fenu ocijenila je da upravo to onemogu\u0107ava konstruktivne rasprave i funkcioniranje parlamenta kao i obavljanje temeljne zakonodavne zada\u0107e.<\/p>\n\n\n\n<p>Kada je u pitanju odnos izme\u0111u \u010dlanova Kolegija Doma u kojem su osim Kri\u0161to jo\u0161 i Neboj\u0161a Radmanovi\u0107 (SNSD) i Denis Zvizdi\u0107 (SDA), napominje da u tom tijelu rade unutar njihovih Poslovnikom i Ustavom definiranih nadle\u017enosti.<\/p>\n\n\n\n<p>\u2013 Ula\u017eemo maksimalne napore da sve odluke koje su u na\u0161oj nadle\u017enosti donesemo jednoglasno jer dono\u0161enje odluka konsenzusom jedini je mogu\u0107i na\u010din normalnog funkcioniranja Kolegija ina\u010de odluka nema i moraju se donijeti na drugi na\u010din na Pro\u0161irenom Kolegiju ili na sjednicama Doma \u2013 pojasnila je Kri\u0161to.<\/p>\n\n\n\n<p>Smatra da bi to trebao biti model dono\u0161enja odluka jer bi tada bilo prisutno uva\u017eavanje svih, a onda bi svi ulagali i dodatne napore da bi se osigurala prohodnost neophodnih odluka.<\/p>\n\n\n\n<p>Na pitanje da li u tom Domu postoji stabilna parlamentarna ve\u0107ina, Kri\u0161to ka\u017ee da za razliku od Kolegija gdje se odluke donose temeljem konsenzusa, ve\u0107ina u Predstavni\u010dkom domu razlikuje se od sjednice do sjednice ili od ta\u010dke do ta\u010dke dnevnog reda.<\/p>\n\n\n\n<p>\u2013 Na\u017ealost, dio parlamentarne ve\u0107ine koja je formirala Vije\u0107e ministara BiH \u010desto je jezi\u010dak na vagi koji daje prostora populisti\u010dkim inicijativama, a nerijetko i sami nasjedaju na taj populizam \u2013 mi\u0161ljenja je Kri\u0161to.<\/p>\n\n\n\n<p>Ako se tome doda i dono\u0161enje odre\u0111enih odluka koje nemaju zakonsko utemeljenje, ka\u017ee Kri\u0161to, kao \u0161to je imenovanje \u010dlanova Centralne izborne komisije, ali i druge odluke, takav na\u010din funkcioniranja direktno \u0161teti prije svega Bosni i Hercegovini kao demokratskoj dr\u017eavi koja je uspostavljena na principima tri konstitutivna naroda i drugih koji u njoj \u017eive.<\/p>\n\n\n\n<p>U intervjuu za Fenu Kri\u0161to se osvrnula i na obaveze Parlamentarne skup\u0161tine BiH u smislu ispunjavanja 14 prioriteta koje je pred BiH stavila Evropska komisija za dobijanje kandidatskog statusa, kazav\u0161i da sve \u0161to se ti\u010de zakonske legislative u obavezi je upravo Parlamentarne skup\u0161tine.<\/p>\n\n\n\n<p>Dodaje da bi se prijedlog Zakona o javnim nabavkama, koji priprema Vije\u0107e ministara, uskoro trebao na\u0107i u parlamentarnoj proceduri, ali nagla\u0161ava da bi se i sve ostale zakone, obzirom da se radi o sistemskim zakonima koji su potrebni, trebalo pripremati Vije\u0107e ministara.<\/p>\n\n\n\n<p>Parlamentarna skup\u0161tina BiH onda mo\u017ee, razmatraju\u0107i zakone u redovnom zakonodavnom postupku, ponuditi pobolj\u0161anja zakonskih rje\u0161enja i doprinijeti ispunjavanju svih klju\u010dnih prioriteta iz mi\u0161ljenja Evropske komisije i ubrzanja evropskog puta, kao i dobijanja kandidatskog statusa.<\/p>\n\n\n\n<p>\u2013 No, nikako na na\u010din da pojedini poslanici preuzmu ulogu i nadle\u017enosti izvr\u0161ne vlasti, konkretno Vije\u0107a ministara predla\u017eu\u0107i zakonska rje\u0161enja \u2013&nbsp;naglasila je Kri\u0161to.<\/p>\n\n\n\n<p>Kri\u0161to je&nbsp;sudjelovala i na sastanku delgacija HDZ-a i SDA-a kada je dogovoreno da se oforme tri radne grupe koje bi trebale rije\u0161iti otvorena pitanja unutar BiH, a ti\u010du se izmjena Izbornog zakona, rje\u0161avanja pitanja na nivou Federacije BiH te ispunjavanja uvjeta BiH na putu ka Evropskoj uniji.<\/p>\n\n\n\n<p>Potvrdila je da \u0107e ona biti jedna od \u010dlanica radne grupe koja \u0107e pregovarati o izmjenama Izbornog zakona, a u kojoj \u0107e uime HDZ-a biti jo\u0161 Bari\u0161a \u010colak, Josip Merd\u017eo te predsjednik stranke Dragan \u010covi\u0107. Poja\u0161njava da su dogovorom predvi\u0111eni rokovi u kojima bi se trebala ponuditi usagla\u0161ena rje\u0161enja o legitimnom predstavljanju u Predsjedni\u0161tvu BiH i Domu naroda, kao i provedba odluka Evropskog suda za ljudska prava.<\/p>\n\n\n\n<p>\u2013 U odre\u0111enoj fazi moraju biti uklju\u010deni i politi\u010dki predstavnici sva tri konstitutivna naroda, jer to nala\u017ee i Ustav BiH, ali i da bi se osigurala prolaznost zakona u parlamentarnoj proceduri \u2013 pojasnila je.<\/p>\n\n\n\n<p>Tako\u0111er, Kri\u0161to napominje da \u0107e se i unutar Parlamentarne skup\u0161tine i\u0107i na formiranje Interresorne radne grupe koju bi \u010dinili predstavnici PSBiH i Vije\u0107a ministara te bi se paralelno radilo i na ispunjavanju svih drugih uvjeta koji su i prioritet na evropskom putu, a ti\u010du se izborne reforme.<\/p>\n\n\n\n<p>Na pitanje \u0161ta se konkretno o\u010dekuje od izmjena Izbornog zakona, Kri\u0161to ka\u017ee da tu nema alternative jer izmjene izbornog zakonodavstva moraju biti imperativ za sve kako bi se prije 2022. godine, kada \u0107e biti odr\u017eani op\u0107i izbori u BiH, s jasnim pravilima zakora\u010dilo u izborni proces.<\/p>\n\n\n\n<p>Stoga nagla\u0161ava da se to odnosi na izmjene Izbornog zakona kojima se u potpunosti implementiraju odluke Ustavnog suda BiH o legitimnom predstavljanju konstitutivnih naroda, kao i odluke Evropskog suda za ljudska prava, a koje su nu\u017enost i prioritet, ali i najaktuelniji problem na koji se potrebno fokusirati.<\/p>\n\n\n\n<p>\u2013 To je potrebno jer je u tom dijelu naru\u0161ena jednakopravnost tri konstitutivna naroda u Bosni i Hercegovini \u2013 stava je Kri\u0161to koja dodaje da je pred interresornom radnom grupom zadatak da popravi i ostale stvari koje se odnose na Izborni zakon, a koje se moraju rije\u0161iti.<\/p>\n\n\n\n<p>Tu, prije svega, misli na implementiranje preporuka GRECO-a (Grupa dr\u017eava za borbu protiv korupcije Vije\u0107a Evrope), ODIRH-a (Ured za demokratske institucije i ljudska prava OSCE-a) i Venecijanske komisije o za\u0161titi i unapre\u0111enju kvalitete integriteta i transparentnosti izbornog procesa.<\/p>\n\n\n\n<p>Kako je zaklju\u010dila u intervjuu za Fenu, to je potrebno u\u010diniti kako bi se izborni proces \u0161to vi\u0161e uskladio s evropskim standardima i unaprijedila demokratizacija zbog \u010dega predsjedavaju\u0107a Predstavni\u010dkog doma PSBiH Borjana Kri\u0161to vjeruje i o\u010dekuje da \u0107e svi imati dovoljno politi\u010dke mudrosti da to pitanje rije\u0161e najkasnije do juna ove godine.<\/p>\n\n\n\n<p>Fena<\/p>\n","protected":false},"excerpt":{"rendered":"<p>Predsjedavaju\u0107a Predstavni\u010dkog doma Parlamentarne skup\u0161tine Bosne i Hercegovine Borjana Kri\u0161to (HDZ BiH) isti\u010de da u tom najvi\u0161em zakonodavnom tijelu u dr\u017eavi svjedo\u010dimo poplavi poslani\u010dkih inicijativa koje su utemeljene na populizmu i prikupljanju dnevnopoliti\u010dkih poena. U razgovoru za Fenu ocijenila je da upravo to onemogu\u0107ava konstruktivne rasprave i funkcioniranje parlamenta kao i obavljanje temeljne zakonodavne zada\u0107e. [&hellip;]<\/p>\n","protected":false},"author":7,"featured_media":24760,"comment_status":"closed","ping_status":"closed","sticky":false,"template":"","format":"standard","meta":{"inline_featured_image":false,"footnotes":""},"categories":[376,37,38],"tags":[],"class_list":{"0":"post-24759","1":"post","2":"type-post","3":"status-publish","4":"format-standard","5":"has-post-thumbnail","7":"category-featured","8":"category-vijesti","9":"category-vijesti-iz-bih"},"acf":[],"_links":{"self":[{"href":"https:\/\/tvsensor.com\/api\/wp\/v2\/posts\/24759","targetHints":{"allow":["GET"]}}],"collection":[{"href":"https:\/\/tvsensor.com\/api\/wp\/v2\/posts"}],"about":[{"href":"https:\/\/tvsensor.com\/api\/wp\/v2\/types\/post"}],"author":[{"embeddable":true,"href":"https:\/\/tvsensor.com\/api\/wp\/v2\/users\/7"}],"replies":[{"embeddable":true,"href":"https:\/\/tvsensor.com\/api\/wp\/v2\/comments?post=24759"}],"version-history":[{"count":1,"href":"https:\/\/tvsensor.com\/api\/wp\/v2\/posts\/24759\/revisions"}],"predecessor-version":[{"id":24761,"href":"https:\/\/tvsensor.com\/api\/wp\/v2\/posts\/24759\/revisions\/24761"}],"wp:featuredmedia":[{"embeddable":true,"href":"https:\/\/tvsensor.com\/api\/wp\/v2\/media\/24760"}],"wp:attachment":[{"href":"https:\/\/tvsensor.com\/api\/wp\/v2\/media?parent=24759"}],"wp:term":[{"taxonomy":"category","embeddable":true,"href":"https:\/\/tvsensor.com\/api\/wp\/v2\/categories?post=24759"},{"taxonomy":"post_tag","embeddable":true,"href":"https:\/\/tvsensor.com\/api\/wp\/v2\/tags?post=24759"}],"curies":[{"name":"wp","href":"https:\/\/api.w.org\/{rel}","templated":true}]}}