{"id":24756,"date":"2021-03-07T08:33:13","date_gmt":"2021-03-07T07:33:13","guid":{"rendered":"https:\/\/senzor.ba\/?p=24756"},"modified":"2024-01-15T21:39:40","modified_gmt":"2024-01-15T20:39:40","slug":"amra-sabic-el-rayess-promjena-je-bitna-ali-biden-nema-carobni-stapic","status":"publish","type":"post","link":"https:\/\/tvsensor.com\/clanak\/amra-sabic-el-rayess-promjena-je-bitna-ali-biden-nema-carobni-stapic\/","title":{"rendered":"Amra \u0160abi\u0107 El-Rayess: Promjena je bitna, ali Biden nema \u010darobni \u0161tapi\u0107"},"content":{"rendered":"\n<p><strong>&#8220;Ne mo\u017eemo polagati nadu u bilo kojeg pojedinca, pa ni u najmo\u0107nijeg predsjednika na svijetu, predsjednika SAD-a&#8221;, ka\u017ee Amra \u0160abi\u0107-El-Rayess. Isti\u010de da je s Bidenom do\u0161la bitna ideolo\u0161ka promjena, ali to nije dovoljno.<\/strong><\/p>\n\n\n\n<p><strong>\u201cAmerika i cijeli svijet se nalaze u jednom kriznom momentu u kojem je prisutan ogroman porast mr\u017enje, ogroman porast nasilja iz odre\u0111enih rasisti\u010dkih, islamofobskih tendencija i ja se jako brinem za budu\u0107nost ne samo Amerike nego i svijeta u narednih nekoliko decenija<\/strong>\u201c, ka\u017ee Amra \u0160abi\u0107-El-Rayess, profesorica na Columbia University u New Yorku, za&nbsp;<a href=\"https:\/\/www.dw.com\/bs\/amra-%C5%A1abi%C4%87-el-rayess-promjena-je-bitna-ali-predsjednik-biden-nema-%C4%8Darobni-%C5%A1tapi%C4%87\/a-56761477\" target=\"_blank\" rel=\"noreferrer noopener\">DW<\/a>.<\/p>\n\n\n\n<p>\u0160abi\u0107, u ekskluzivnom razgovoru za LIMITless DW-a, ka\u017ee da je s dolaskom Joea Bidena na mjesto predsjednika SAD nastupila \u201cbitna ideolo\u0161ka promjena jer on daje pozitivan primjer, humani primjer, koji govori vrlo pozitivno o zna\u010daju rasne, religijske i drugih raznolikosti u SAD-u\u201d.<\/p>\n\n\n\n<p><strong>\u201cMe\u0111utim, ne mo\u017eemo se osloniti na jednog pojedinca da mijenja ko smo mi kao ljudi\u201d,<\/strong>&nbsp;ka\u017ee \u0160abi\u0107.<\/p>\n\n\n\n<h4 class=\"wp-block-heading\" id=\"h-paralele-izme-u-biv-e-jugoslavije-i-sad-a\">Paralele izme\u0111u biv\u0161e Jugoslavije i SAD-a<\/h4>\n\n\n\n<p>\u0160abi\u0107, kako u svom profesorskom radu, tako i izvan studentskih klupa, ve\u0107 dugo upozorava na paralele izme\u0111u stanja prije rata u biv\u0161oj Jugoslaviji i sada\u0161njeg stanja u Americi. \u010cesto ka\u017ee da ovu Ameriku ne prepoznaje. Ka\u017ee da je, jo\u0161 po\u010detkom oktobra pro\u0161le godine, dakle prije odr\u017eavanja ameri\u010dkih predsjedni\u010dkih izbora u novembru i prije juri\u0161a na Kapitol po\u010detkom januara, upozoravala i aludirala na to da postoji velika \u0161ansa da do\u0111e do radikalizacije unutar ne samo policijskih, nego i vojnih snaga SAD-a.<\/p>\n\n\n\n<p><strong>\u201cGledati ameri\u010dku policiju kako ubija ljude crne boje ko\u017ee bez gri\u017enje savjesti je deja vu \u2013 horor film \u010diji kraj vi\u0161e nikada ne \u017eelim vidjeti\u201d<\/strong>, napisala je \u0160abi\u0107 tada za Al Jazeeru na engleskom i upozorila:&nbsp;<strong>\u201cNe \u017eelim samo upozoriti Amerikance, ve\u0107 \u017eelim vrisnuti iz sveg glasa da ukoliko nastavimo dehumanizirati jedni druge i ako izaberemo mr\u017enju umjesto dru\u0161tvene kohezije uskoro \u0107emo biti u situaciji da saomoubila\u010dkim vozom putujemo u ponor \u2013 bez povratne karte.\u201d<\/strong><\/p>\n\n\n\n<h4 class=\"wp-block-heading\" id=\"h-svi-imamo-potencijal-da-mrzimo\">\u201cSvi imamo potencijal da mrzimo\u201d<\/h4>\n\n\n\n<p>Zbog vlastitog iskustva iz BiH i zbog svega \u0161to se prethodno de\u0161avalo nije bila iznena\u0111ena napadima na Kapitol, kao \u0161to nije bila iznena\u0111ena ni pobjedom Donalda Trumpa na predsjedni\u010dkim izborima prije \u010detiri godine.<\/p>\n\n\n\n<p>Iznena\u0111eni njenom perspektivom su, kako ka\u017ee, bili njeni prijatelji i kolege smatraju\u0107i da je ona mo\u017eda tek posljedica njenog osobnog iskustva iz BiH.<\/p>\n\n\n\n<p>No \u0160abi\u0107 neprestano upozorava na sljede\u0107e:<strong>&nbsp;\u201cMr\u017enja nije isklju\u010diva za bilo koju naciju, grupu ljudi, za bilo kojeg pojedinca. Mi svi imamo potencijal da mrzimo. Zna\u010di bitno je biti svjestan toga da niko nije toliko poseban da ne mo\u017ee da do\u017eivi ono \u0161to smo mi do\u017eivjeli u BiH.\u201d<\/strong><\/p>\n\n\n\n<p><strong>\u201cNa\u017ealost ta granica, koliko daleko mr\u017enja ide, se na neki na\u010din svakodnevno pomjera u Americi i \u0161irom svijeta gdje ono \u0161to je nekada bilo neprihvatljivo postaje postepeno prihvatljivo i ja se toga bojim\u201d<\/strong>, ka\u017ee \u0160abi\u0107.<\/p>\n\n\n\n<h4 class=\"wp-block-heading\" id=\"h-ma-ka-kojoj-nikada-nisam-dala-ime\">\u201cMa\u010dka kojoj nikada nisam dala ime\u201d<\/h4>\n\n\n\n<p>A mr\u017enju i ratu, koje je osjetila na svojoj vlastitoj ko\u017ei, \u0160abi\u0107 poku\u0161ava pribli\u017eiti prije svega mladim Amerikancima u svojoj knjizi \u201cMa\u010dka kojoj nikada nisam dala ime\u201d. U knjizi pi\u0161e, kako nagla\u0161ava, o muslimanki koja je pre\u017eivjela genocid u BiH, o tinejd\u017eerki koja je pre\u017eivjela opsadu Biha\u0107a.<\/p>\n\n\n\n<p><strong>\u201cPostoji praznina o znanju ameri\u010dkih mladih ljudi o tome \u0161ta se desilo u BiH. Oni prvi put \u010ditaju\u0107i moju li\u010dnu pri\u010du saznaju da se desio genocid u BiH<\/strong>\u201c, ka\u017ee \u0160abi\u0107.<br>Knjiga je postala bestseller u Americi, nagra\u0111ena sa \u0161est zvjezdica knji\u017eevne kritike, \u0161to je rijetkost.<\/p>\n\n\n\n<p><strong>\u201cVe\u0107 dugo nisam prolio toliko suza \u010ditaju\u0107i knjigu\u201d,<\/strong>&nbsp;napisao je jedan \u010ditatelj na Amazonu. Sama \u0160abi\u0107 ka\u017ee da je plakala satima, danima, imala no\u0107ne more nakon pisanja odre\u0111enih odjeljaka, ali nagla\u0161ava:&nbsp;<strong>\u201cMoja knjiga nije politi\u010dka, ona nije knjiga koja je puna mr\u017enje, ona je knjiga koja se suprotstavlja mr\u017enji.\u201d<\/strong><\/p>\n\n\n\n<p>Ka\u017ee da je njen san da njena knjiga bude uklju\u010dena u literaturu koju \u0107e \u010ditati ne samo bo\u0161nja\u010dka, ne samo hrvatska djeca, ve\u0107 i djeca koja danas odrastaju u Republici Srpskoj.<\/p>\n\n\n\n<p><strong>\u201cNikada nisam do\u017eivjela da se neko srpske nacionalnosti meni obrati i da na neki na\u010din prizna da su srpske snage izvr\u0161ile genocid do izdavanja moje knjige. Sada u zadnjih nekoliko mjeseci javlja mi se jako puno mladih ljudi, ljudi koji mi \u0161alju pisma i fotografije, primjerice i iz Beograda, iz ostatka Srbije, koji pri\u010daju o tome da u njihovim porodicama postoji jedna te\u017eina o pri\u010danju o pro\u0161losti, da vlada ti\u0161ina kada se spominje ko je kakvu ulogu imao u ratu u BiH i mislim da je ta ti\u0161ina jako te\u0161ka za mlade ljudi koji \u017eele da na neki na\u010din ne nose odgovornost za ono \u0161to su mo\u017eda starije generacije u\u010dinile\u201d<\/strong>, ka\u017ee \u0160abi\u0107 i poru\u010duje da joj to daje nadu.<\/p>\n\n\n\n<h4 class=\"wp-block-heading\" id=\"h-ne-mo-ete-nas-spasiti-sve-ali-spasite-barem-ovo-dijete\">\u201cNe mo\u017eete nas spasiti sve, ali spasite barem ovo dijete\u201d<\/h4>\n\n\n\n<p>A nadu nije gubila ni u najte\u017eim danima rata, ni onda kada joj je bombardirana ku\u0107a usljed \u010dega je njena majka izgubila sluh, ni onda kada je sa majkom i\u0161la u potragu za hranom na teritoriju tada\u0161nje tzv. Republike Srpska Krajine u Hrvatskoj, kada je zamalo izbjegla silovanje, ni kada je s majkom prolazila kroz minsko polje\u2026 Ali, ni onda kada je svoju \u0161kolsku diplomu predala dvojici psihologa koje je tokom rata srela u Biha\u0107u.<\/p>\n\n\n\n<p>\u0160abi\u0107 je naime tokom rata pomagala medicinskim sestrama i ljekarima prilikom vakcinacije djece u lokalnoj bolnici u Biha\u0107u. Jednog dana su u bolnicu do\u0161li psiholozi Drew i Wayne koji su radili za International Rescue Committee, koji su je zamolili da im pomogne, da im poka\u017ee \u0161kole u gradu zanimaju\u0107i se za situaciju u kojoj se nalaze djeca u BiH kada je rije\u010d o obrazovanju. Prilikom posjete njenoj srednjoj \u0161koli, jedan od nastavnika, kojem su bile poznate njene ocjene i osvojene nagrade, se obratio psiholozima rekav\u0161i:&nbsp;<strong>\u201cNe mo\u017eete nas spasiti sve, ali spasite barem ovo dijete.\u201d<\/strong><\/p>\n\n\n\n<p>\u201c\u017deli\u0161 li nam dati svoju dokumentaciju, da li bi \u017eeljela studirati u SAD-u\u201d, pitali su Drew i Wayne, jednom od njih do danas ne zna prezime, a drugog nikada nije uspjela kontaktirati unato\u010d brojnim poku\u0161ajima.<\/p>\n\n\n\n<h4 class=\"wp-block-heading\" id=\"h-david-pincus-dajte-mi-jednu-osobu\">David Pincus:\u201dDajte mi jednu osobu!\u201d<\/h4>\n\n\n\n<p>Kada su dvojica psihologa predstavljali svoj izvje\u0161taj o stanju u BiH na sastanku Upravnog odbora IRC-a u New Yorku, \u010dlan Upravnog odbora David Pincus, Jevrej, filantrop i biznismen im je rekao: \u201cZaboravite brojeve, \u017eelim pomo\u0107i osobi. Kome mogu pomo\u0107i? Dajte mi jednu osobu!\u201d<\/p>\n\n\n\n<p><strong>\u201cPincus je \u010duo za pri\u010du o sarajevskoj Hagadi, tj. da su je bosanski muslimani stolje\u0107ima \u010duvali od uni\u0161tenja. On se \u017eelio odu\u017eiti za to i ja sam bila njegov na\u010din da se odu\u017ei\u201d,<\/strong>&nbsp;rekla je \u0160abi\u0107 u jednoj diskusiji odr\u017eanoj na Columbia University.<\/p>\n\n\n\n<h4 class=\"wp-block-heading\" id=\"h-dobro-do-li-u-sad-sada-ste-na-sigurnom\">\u201cDobro do\u0161li u SAD, sada ste na sigurnom\u201d<\/h4>\n\n\n\n<p>\u0160abi\u0107 je u Ameriku stigla 1996. godine, a njen prvi \u201csusret\u201d sa Amerikom bio je slu\u017ebenik na kontroli za imigrante, koji joj je, nakon dugog provjeravanja bh. paso\u0161a, kojeg je vidio prvi put u \u017eivotu, rekao sljede\u0107e: \u201cGospo\u0111o, dobro do\u0161li u Ameriku! \u017dao mi je zbog svega \u0161to vam se dogodilo, sada ste na sigurnom.\u201d<\/p>\n\n\n\n<p>\u0160abi\u0107 je u Americi najprije zavr\u0161ila koled\u017e, potom ekonomiju na Brown University, potom dva magistarska studija, a onda i doktorat na Columbia University na kojem je danas profesorica.<\/p>\n\n\n\n<h4 class=\"wp-block-heading\" id=\"h-prvi-put-slobodna-kao-muslimanka-ali\">Prvi put slobodna kao muslimanka, ali\u2026<\/h4>\n\n\n\n<p><strong>\u201cU Americi sam se prvi put osje\u0107ala slobodno kao muslimanka\u201d<\/strong>, rekla je \u0160abi\u0107 jednom prilikom godinama kasnije. No danas, ka\u017ee, nije lako biti muslimanka u Americi jer se percepcija muslimana promijenila nakon 11. septembra.<\/p>\n\n\n\n<p><strong>\u201cU Americi se vi\u0161e od 90 posto Amerikanaca boji nasilja u ime islama. U Europi, ne samo u Americi, najnepo\u017eeljnija grupa za susjede su muslimani. Islamofobija je toliko dominantna da prva pomisao koju ljudi imaju u vezi islama jest da su muslimani uvijek teroristi. Jako je tesko kao pojedincu boriti se protiv toga\u201d,<\/strong>&nbsp;ka\u017ee \u0160abi\u0107 za DW.<\/p>\n\n\n\n<p>A da predrasude i mr\u017enja nisu specifi\u010dni samo za jedno podru\u010dje najbolje govori pitanje koje je \u0160abi\u0107, godinama nakon dolaska u Ameriku, dobila od vlastite k\u0107eri Dinah, ro\u0111ene i odrasle u New Yorku, koja se jednog dana vratila iz \u0161kole s pitanjem:<strong>&nbsp;\u201cMama \u0161to \u0107e biti sa sestrom i sa mnom ako do\u0111u po tebe i tatu jer ste muslimani i migranti, a mi ostanemo same\u201d.<\/strong><\/p>\n\n\n\n<p>Bio je to trenutak u kojem je \u0160abi\u0107 odlu\u010dila Amerikancima ispri\u010dati svoju vlastitu pri\u010du. Kao upozorenje.<\/p>\n\n\n\n<p><a href=\"https:\/\/www.dw.com\/bs\/amra-%C5%A1abi%C4%87-el-rayess-promjena-je-bitna-ali-predsjednik-biden-nema-%C4%8Darobni-%C5%A1tapi%C4%87\/a-56761477\" target=\"_blank\" rel=\"noreferrer noopener\">DW<\/a><\/p>\n","protected":false},"excerpt":{"rendered":"<p>&#8220;Ne mo\u017eemo polagati nadu u bilo kojeg pojedinca, pa ni u najmo\u0107nijeg predsjednika na svijetu, predsjednika SAD-a&#8221;, ka\u017ee Amra \u0160abi\u0107-El-Rayess. Isti\u010de da je s Bidenom do\u0161la bitna ideolo\u0161ka promjena, ali to nije dovoljno. \u201cAmerika i cijeli svijet se nalaze u jednom kriznom momentu u kojem je prisutan ogroman porast mr\u017enje, ogroman porast nasilja iz odre\u0111enih [&hellip;]<\/p>\n","protected":false},"author":7,"featured_media":24757,"comment_status":"closed","ping_status":"closed","sticky":false,"template":"","format":"standard","meta":{"inline_featured_image":false,"footnotes":""},"categories":[376,41,37],"tags":[],"class_list":{"0":"post-24756","1":"post","2":"type-post","3":"status-publish","4":"format-standard","5":"has-post-thumbnail","7":"category-featured","8":"category-svijet","9":"category-vijesti"},"acf":[],"_links":{"self":[{"href":"https:\/\/tvsensor.com\/api\/wp\/v2\/posts\/24756","targetHints":{"allow":["GET"]}}],"collection":[{"href":"https:\/\/tvsensor.com\/api\/wp\/v2\/posts"}],"about":[{"href":"https:\/\/tvsensor.com\/api\/wp\/v2\/types\/post"}],"author":[{"embeddable":true,"href":"https:\/\/tvsensor.com\/api\/wp\/v2\/users\/7"}],"replies":[{"embeddable":true,"href":"https:\/\/tvsensor.com\/api\/wp\/v2\/comments?post=24756"}],"version-history":[{"count":1,"href":"https:\/\/tvsensor.com\/api\/wp\/v2\/posts\/24756\/revisions"}],"predecessor-version":[{"id":24758,"href":"https:\/\/tvsensor.com\/api\/wp\/v2\/posts\/24756\/revisions\/24758"}],"wp:featuredmedia":[{"embeddable":true,"href":"https:\/\/tvsensor.com\/api\/wp\/v2\/media\/24757"}],"wp:attachment":[{"href":"https:\/\/tvsensor.com\/api\/wp\/v2\/media?parent=24756"}],"wp:term":[{"taxonomy":"category","embeddable":true,"href":"https:\/\/tvsensor.com\/api\/wp\/v2\/categories?post=24756"},{"taxonomy":"post_tag","embeddable":true,"href":"https:\/\/tvsensor.com\/api\/wp\/v2\/tags?post=24756"}],"curies":[{"name":"wp","href":"https:\/\/api.w.org\/{rel}","templated":true}]}}