{"id":24746,"date":"2021-03-06T16:19:39","date_gmt":"2021-03-06T15:19:39","guid":{"rendered":"https:\/\/senzor.ba\/?p=24746"},"modified":"2024-01-15T21:39:40","modified_gmt":"2024-01-15T20:39:40","slug":"umjesto-u-igricama-i-mobitelima-mladic-jusuf-masic-uziva-u-uzgoju-peradi","status":"publish","type":"post","link":"https:\/\/tvsensor.com\/clanak\/umjesto-u-igricama-i-mobitelima-mladic-jusuf-masic-uziva-u-uzgoju-peradi\/","title":{"rendered":"Umjesto u igricama i mobitelima, mladi\u0107 Jusuf Ma\u0161i\u0107 u\u017eiva u uzgoju peradi"},"content":{"rendered":"\n<p>Brojni mladi ljudi odlu\u010dili su svoju budu\u0107nost graditi van BiH jer ovdje ne vide perspektivu, ali ima i onih koji imaju nadu da \u017eivot mogu nastaviti u svojoj zemlji i \u017eivjeti od svog rada. Me\u0111u njima je i 17-godi\u0161nji Jusuf Ma\u0161i\u0107 iz Novog Gora\u017eda (RS) koji je ve\u0107 odavno zasukao rukave i po\u010deo raditi.<\/p>\n\n\n\n<p>Vrijedni mladi\u0107 \u017eivi izvan stereotipa kojima su okupirani njegovi vr\u0161njaci. Ne zanimaju ga mobiteli, kompjuteri i video igrice, ve\u0107 u\u017eiva u brizi o svom malom \u017eivotinjskom carstvu u kojem se potrudio da svaki \u010dlan ima svoje ime.<br><br>Iako se bavi proizvodnjom gotovo svih poljoprivrednih kultura, ljubav prema \u017eivotinjama i plodovi koje donose njegovi ljubimci ka\u017ee \u010dine ga najsretnijim.<br><br>Nagla\u0161ava da ljubav gaji prema svim \u017eivotinjama, ali jednu vrstu ipak izdvaja i njima ka\u017ee posve\u0107uje posebnu pa\u017enju.<br><br>&#8211; Najvi\u0161e volim peradi i zbog toga sam se nekako opredijelio za to. \u010citam o tome i u\u010dim svakodnevno, radim i bavim se prodajom. Uzgajam sada koke i patke, imao sam i morke i guske, ali su mi pro\u0161le i ove godine psi lutalice uni\u0161tili mnogo koka i drugih peradi. Pro\u0161log ljeta sam ih imao oko 70, a sad oko 30. Razmi\u0161ljam i o prepelicama i guskama jer imam jednog prijatelja koji bi te guske otkupljivao pred zimu &#8211; pri\u010da Ma\u0161i\u0107.&nbsp;&nbsp;<br><br>Dodaje da svoje \u017eivotinjsko carstvo planira pro\u0161iriti kada obezbijedi uslove za boravak \u017eivotinja.<br><br>-Sada imam i dvije ovce do \u010dega je do\u0161lo spletom okolnosti. Kom\u0161iji D\u017eevadu su nedavno stradale ovce i kada ih je zahvaljuju\u0107i dobrim ljudima po\u010deo dobijati ja sam mu pomagao oko svega toga i on je rekao da \u0107e mi pokloniti jednu. Drugu sam ja kupio i sada skupljam novac da napravim malo ve\u0107i stajski objekat. Pro\u0161le godine sam aplicirao za taj objekat ali na\u017ealost nisam pro\u0161ao &#8211; isti\u010de Ma\u0161i\u0107.<br><br>Od prodate robe i u\u0161te\u0111evine koju je dobijao kao dje\u010dak nedavno je kupio i motor &#8220;Tomos&#8221;, kojeg je adekvatno nadogradio da s njim mo\u017ee razvoziti robu do svojih kupaca.<br><br>&#8211; Imam motor i prikolicu i stavim koko\u0161ke, jaja i vozim na pijacu. Tako i kada krenem u \u0161kolu, u autobus stavim kornete jaja i ponesem kupcima koji su naru\u010dili. Sve \u0161to imam napravio sam isklju\u010divo od skromne zarade prodajom proizvoda i nastavit \u0107u da se trudim i radim &#8211; poru\u010duje vrijedni mladi\u0107.<\/p>\n","protected":false},"excerpt":{"rendered":"<p>Brojni mladi ljudi odlu\u010dili su svoju budu\u0107nost graditi van BiH jer ovdje ne vide perspektivu, ali ima i onih koji imaju nadu da \u017eivot mogu nastaviti u svojoj zemlji i \u017eivjeti od svog rada. Me\u0111u njima je i 17-godi\u0161nji Jusuf Ma\u0161i\u0107 iz Novog Gora\u017eda (RS) koji je ve\u0107 odavno zasukao rukave i po\u010deo raditi. Vrijedni [&hellip;]<\/p>\n","protected":false},"author":59,"featured_media":24747,"comment_status":"closed","ping_status":"closed","sticky":false,"template":"","format":"standard","meta":{"inline_featured_image":false,"footnotes":""},"categories":[44],"tags":[],"class_list":{"0":"post-24746","1":"post","2":"type-post","3":"status-publish","4":"format-standard","5":"has-post-thumbnail","7":"category-poljoprivreda"},"acf":[],"_links":{"self":[{"href":"https:\/\/tvsensor.com\/api\/wp\/v2\/posts\/24746","targetHints":{"allow":["GET"]}}],"collection":[{"href":"https:\/\/tvsensor.com\/api\/wp\/v2\/posts"}],"about":[{"href":"https:\/\/tvsensor.com\/api\/wp\/v2\/types\/post"}],"author":[{"embeddable":true,"href":"https:\/\/tvsensor.com\/api\/wp\/v2\/users\/59"}],"replies":[{"embeddable":true,"href":"https:\/\/tvsensor.com\/api\/wp\/v2\/comments?post=24746"}],"version-history":[{"count":1,"href":"https:\/\/tvsensor.com\/api\/wp\/v2\/posts\/24746\/revisions"}],"predecessor-version":[{"id":24748,"href":"https:\/\/tvsensor.com\/api\/wp\/v2\/posts\/24746\/revisions\/24748"}],"wp:featuredmedia":[{"embeddable":true,"href":"https:\/\/tvsensor.com\/api\/wp\/v2\/media\/24747"}],"wp:attachment":[{"href":"https:\/\/tvsensor.com\/api\/wp\/v2\/media?parent=24746"}],"wp:term":[{"taxonomy":"category","embeddable":true,"href":"https:\/\/tvsensor.com\/api\/wp\/v2\/categories?post=24746"},{"taxonomy":"post_tag","embeddable":true,"href":"https:\/\/tvsensor.com\/api\/wp\/v2\/tags?post=24746"}],"curies":[{"name":"wp","href":"https:\/\/api.w.org\/{rel}","templated":true}]}}