{"id":24738,"date":"2021-03-06T16:08:54","date_gmt":"2021-03-06T15:08:54","guid":{"rendered":"https:\/\/senzor.ba\/?p=24738"},"modified":"2024-01-15T21:39:40","modified_gmt":"2024-01-15T20:39:40","slug":"snazne-poruke-pape-franje-iz-iraka-mi-smo-unuci-abrahama-moramo-ojacati-nase-bratstvo","status":"publish","type":"post","link":"https:\/\/tvsensor.com\/clanak\/snazne-poruke-pape-franje-iz-iraka-mi-smo-unuci-abrahama-moramo-ojacati-nase-bratstvo\/","title":{"rendered":"Sna\u017ene poruke pape Franje iz Iraka: Mi smo unuci Abrahama, moramo oja\u010dati na\u0161e bratstvo"},"content":{"rendered":"\n<p>Mi smo unuci Abrahama, moramo oja\u010dati na\u0161e bratstvo, poruka je poglavara Rimokatoli\u010dke crkve pape Franje anti\u010dkog grada Ura, u kojem boravi u okviru njegove \u010detverodnevne posjete Iraku, javlja Anadolu Agency (AA).<\/p>\n\n\n\n<p>Papu Franju su po dolasku u grad Ur, za koji se vjeruje da je mjesto ro\u0111enja poslanika Ibrahima, do\u010dekali kr\u0161\u0107anski i muslimanski vjerski slu\u017ebenici.<\/p>\n\n\n\n<h2 class=\"wp-block-heading\" id=\"h-sna-ne-poruke-pape-franje-iz-iraka-mi-smo-unuci-abrahama-moramo-oja-ati-na-e-bratstvo\">Sna\u017ene poruke pape Franje iz Iraka: Mi smo unuci Abrahama, moramo oja\u010dati na\u0161e bratstvo<\/h2>\n\n\n\n<p>Dotaknuv\u0161i se i teroristi\u010dkih napada u Iraku, papa Franjo je jasno poru\u010dio kako terorizam koristi vjeru.<\/p>\n\n\n\n<p>&#8220;Mi ne bismo smjeli dopustiti da se religija koristi kao maska. Terorizam je napao i Irak, koji je dio historije. Moramo braniti razli\u010ditost i slobodu vjere i mi\u0161ljenja&#8221;, poru\u010dio je papa.<\/p>\n\n\n\n<p>Pozivaju\u0107i na jedinstvo i solidarnost, papa Franjo je dodao: &#8220;Moramo oja\u010dati na\u0161e bratstvo. Mir ne mo\u017ee do\u0107i ako ne gradimo miran \u017eivot i ne podr\u017eavamo jedni druge&#8221;.<\/p>\n\n\n\n<p>Osvrnuv\u0161i se na borbu protiv pandemije COVID-19, papa je poru\u010dio kako se u toj borbi mo\u017ee pobijediti solidarno\u0161\u0107u i pridr\u017eavaju\u0107i se pravila u \u010duvanja distance.<\/p>\n\n\n\n<p>Nakon obra\u0107anja pape Franje uslijedila je i zajedni\u010dka molitva muslimanskih i kr\u0161\u0107anskih vjerskih slu\u017ebenika.<\/p>\n\n\n\n<p>Nakon posjete anti\u010dkom gradu Uru, papa Franjo se helikopterom uputio prema Bagdadu, gdje \u0107e posjetiti crkvu Svetog Josipa, \u010dime \u0107e zavr\u0161iti posjetu glavnom gradu Iraka.<\/p>\n\n\n\n<p>Papa sutra putuje u Erbil i Mosul.<\/p>\n","protected":false},"excerpt":{"rendered":"<p>Mi smo unuci Abrahama, moramo oja\u010dati na\u0161e bratstvo, poruka je poglavara Rimokatoli\u010dke crkve pape Franje anti\u010dkog grada Ura, u kojem boravi u okviru njegove \u010detverodnevne posjete Iraku, javlja Anadolu Agency (AA). Papu Franju su po dolasku u grad Ur, za koji se vjeruje da je mjesto ro\u0111enja poslanika Ibrahima, do\u010dekali kr\u0161\u0107anski i muslimanski vjerski slu\u017ebenici. [&hellip;]<\/p>\n","protected":false},"author":59,"featured_media":24739,"comment_status":"closed","ping_status":"closed","sticky":false,"template":"","format":"standard","meta":{"inline_featured_image":false,"footnotes":""},"categories":[57],"tags":[],"class_list":{"0":"post-24738","1":"post","2":"type-post","3":"status-publish","4":"format-standard","5":"has-post-thumbnail","7":"category-religija"},"acf":[],"_links":{"self":[{"href":"https:\/\/tvsensor.com\/api\/wp\/v2\/posts\/24738","targetHints":{"allow":["GET"]}}],"collection":[{"href":"https:\/\/tvsensor.com\/api\/wp\/v2\/posts"}],"about":[{"href":"https:\/\/tvsensor.com\/api\/wp\/v2\/types\/post"}],"author":[{"embeddable":true,"href":"https:\/\/tvsensor.com\/api\/wp\/v2\/users\/59"}],"replies":[{"embeddable":true,"href":"https:\/\/tvsensor.com\/api\/wp\/v2\/comments?post=24738"}],"version-history":[{"count":3,"href":"https:\/\/tvsensor.com\/api\/wp\/v2\/posts\/24738\/revisions"}],"predecessor-version":[{"id":24742,"href":"https:\/\/tvsensor.com\/api\/wp\/v2\/posts\/24738\/revisions\/24742"}],"wp:featuredmedia":[{"embeddable":true,"href":"https:\/\/tvsensor.com\/api\/wp\/v2\/media\/24739"}],"wp:attachment":[{"href":"https:\/\/tvsensor.com\/api\/wp\/v2\/media?parent=24738"}],"wp:term":[{"taxonomy":"category","embeddable":true,"href":"https:\/\/tvsensor.com\/api\/wp\/v2\/categories?post=24738"},{"taxonomy":"post_tag","embeddable":true,"href":"https:\/\/tvsensor.com\/api\/wp\/v2\/tags?post=24738"}],"curies":[{"name":"wp","href":"https:\/\/api.w.org\/{rel}","templated":true}]}}