{"id":24593,"date":"2021-03-03T23:09:46","date_gmt":"2021-03-03T22:09:46","guid":{"rendered":"https:\/\/senzor.ba\/?p=24593"},"modified":"2024-01-15T21:39:45","modified_gmt":"2024-01-15T20:39:45","slug":"prazni-aerodromi-i-dalje-realnost-sadasnjice","status":"publish","type":"post","link":"https:\/\/tvsensor.com\/clanak\/prazni-aerodromi-i-dalje-realnost-sadasnjice\/","title":{"rendered":"Prazni aerodromi i dalje realnost sada\u0161njice"},"content":{"rendered":"\n<p>COVID pandemija jo\u0161 se osje\u0107a na aerodromima. Uz pusto\u0161 koja vas stra\u0161i, neumoljivu ti\u0161inu koja podsje\u0107a na sve \u0161to prolazimo bez one uobi\u010dajene aerodromske \u017eurbe dobije se \u010dudan osje\u0107aj bojazni od novog (ne)normalnog. <\/p>\n\n\n\n<p>Na\u0161 reporter  se javio sa aerodroma Basel-Mulhouse u Francuskoj, koji ina\u010de bilje\u017ei ogroman broj putnika svakodnevno, a koji je sad potpuno prazan.<\/p>\n\n\n\n<p>Jedina dva leta su prema Tuzli i Skoplju. <\/p>\n\n\n\n<p>Pogledajte fotografije koje ilustruju prazan aeorodrom i covid pusto\u0161 koja je jo\u0161 uvijek neizostavan dio na\u0161e svakodnevnice. Nadamo se da \u0107e se to promjeniti ve\u0107 u skorijoj budu\u0107nosti.<\/p>\n","protected":false},"excerpt":{"rendered":"<p>COVID pandemija jo\u0161 se osje\u0107a na aerodromima. Uz pusto\u0161 koja vas stra\u0161i, neumoljivu ti\u0161inu koja podsje\u0107a na sve \u0161to prolazimo bez one uobi\u010dajene aerodromske \u017eurbe dobije se \u010dudan osje\u0107aj bojazni od novog (ne)normalnog. Na\u0161 reporter se javio sa aerodroma Basel-Mulhouse u Francuskoj, koji ina\u010de bilje\u017ei ogroman broj putnika svakodnevno, a koji je sad potpuno prazan. [&hellip;]<\/p>\n","protected":false},"author":59,"featured_media":24596,"comment_status":"closed","ping_status":"closed","sticky":false,"template":"","format":"gallery","meta":{"inline_featured_image":false,"footnotes":""},"categories":[41],"tags":[],"class_list":{"0":"post-24593","1":"post","2":"type-post","3":"status-publish","4":"format-gallery","5":"has-post-thumbnail","7":"category-svijet","8":"post_format-post-format-gallery"},"acf":[],"_links":{"self":[{"href":"https:\/\/tvsensor.com\/api\/wp\/v2\/posts\/24593","targetHints":{"allow":["GET"]}}],"collection":[{"href":"https:\/\/tvsensor.com\/api\/wp\/v2\/posts"}],"about":[{"href":"https:\/\/tvsensor.com\/api\/wp\/v2\/types\/post"}],"author":[{"embeddable":true,"href":"https:\/\/tvsensor.com\/api\/wp\/v2\/users\/59"}],"replies":[{"embeddable":true,"href":"https:\/\/tvsensor.com\/api\/wp\/v2\/comments?post=24593"}],"version-history":[{"count":2,"href":"https:\/\/tvsensor.com\/api\/wp\/v2\/posts\/24593\/revisions"}],"predecessor-version":[{"id":24604,"href":"https:\/\/tvsensor.com\/api\/wp\/v2\/posts\/24593\/revisions\/24604"}],"wp:featuredmedia":[{"embeddable":true,"href":"https:\/\/tvsensor.com\/api\/wp\/v2\/media\/24596"}],"wp:attachment":[{"href":"https:\/\/tvsensor.com\/api\/wp\/v2\/media?parent=24593"}],"wp:term":[{"taxonomy":"category","embeddable":true,"href":"https:\/\/tvsensor.com\/api\/wp\/v2\/categories?post=24593"},{"taxonomy":"post_tag","embeddable":true,"href":"https:\/\/tvsensor.com\/api\/wp\/v2\/tags?post=24593"}],"curies":[{"name":"wp","href":"https:\/\/api.w.org\/{rel}","templated":true}]}}