{"id":24583,"date":"2021-03-03T16:45:54","date_gmt":"2021-03-03T15:45:54","guid":{"rendered":"https:\/\/senzor.ba\/?p=24583"},"modified":"2024-01-15T21:39:46","modified_gmt":"2024-01-15T20:39:46","slug":"krijumcari-bacali-migrante-u-more-utopilo-se-njih-najmanje-20","status":"publish","type":"post","link":"https:\/\/tvsensor.com\/clanak\/krijumcari-bacali-migrante-u-more-utopilo-se-njih-najmanje-20\/","title":{"rendered":"Krijum\u010dari bacali migrante u more, utopilo se njih najmanje 20"},"content":{"rendered":"\n<p>Utopilo se najmanje 20 od 80 migranata koje su krijum\u010dari ljudi u D\u017eibutiju bacili u more, saop\u0107ila Me\u0111unarodna organizacija za migracije (IOM).<\/p>\n\n\n\n<p>Direktor Odjela IOM-a za Isto\u010dnu Afriku i Afri\u010dki rog Mohammed Abdiker na Twitteru je saop\u0107io kako se u blizini obala Obocka, u D\u017eibutiju, utopilo najmanje 20 od 80 migranata koje su krijum\u010dari ljudi bacili u more. \u010camac se kretao prema Jemenu.<\/p>\n\n\n\n<p>Abdiker je kazao kako hiljade mladih migranata iz Afrike nastoje oti\u0107i do ratom razorenog Jemena, odakle dalje odlaze prema zemljama Zaljeva. Podsjetio je kako je rije\u010d o tre\u0107oj tragediji za manje od \u0161est mjeseci i da je do sada smrtno stradalo vi\u0161e od 70 ljudi.<\/p>\n\n\n\n<p>AA<\/p>\n","protected":false},"excerpt":{"rendered":"<p>Utopilo se najmanje 20 od 80 migranata koje su krijum\u010dari ljudi u D\u017eibutiju bacili u more, saop\u0107ila Me\u0111unarodna organizacija za migracije (IOM). Direktor Odjela IOM-a za Isto\u010dnu Afriku i Afri\u010dki rog Mohammed Abdiker na Twitteru je saop\u0107io kako se u blizini obala Obocka, u D\u017eibutiju, utopilo najmanje 20 od 80 migranata koje su krijum\u010dari ljudi [&hellip;]<\/p>\n","protected":false},"author":7,"featured_media":24584,"comment_status":"closed","ping_status":"closed","sticky":false,"template":"","format":"standard","meta":{"inline_featured_image":false,"footnotes":""},"categories":[376,41,37],"tags":[],"class_list":{"0":"post-24583","1":"post","2":"type-post","3":"status-publish","4":"format-standard","5":"has-post-thumbnail","7":"category-featured","8":"category-svijet","9":"category-vijesti"},"acf":[],"_links":{"self":[{"href":"https:\/\/tvsensor.com\/api\/wp\/v2\/posts\/24583","targetHints":{"allow":["GET"]}}],"collection":[{"href":"https:\/\/tvsensor.com\/api\/wp\/v2\/posts"}],"about":[{"href":"https:\/\/tvsensor.com\/api\/wp\/v2\/types\/post"}],"author":[{"embeddable":true,"href":"https:\/\/tvsensor.com\/api\/wp\/v2\/users\/7"}],"replies":[{"embeddable":true,"href":"https:\/\/tvsensor.com\/api\/wp\/v2\/comments?post=24583"}],"version-history":[{"count":2,"href":"https:\/\/tvsensor.com\/api\/wp\/v2\/posts\/24583\/revisions"}],"predecessor-version":[{"id":24586,"href":"https:\/\/tvsensor.com\/api\/wp\/v2\/posts\/24583\/revisions\/24586"}],"wp:featuredmedia":[{"embeddable":true,"href":"https:\/\/tvsensor.com\/api\/wp\/v2\/media\/24584"}],"wp:attachment":[{"href":"https:\/\/tvsensor.com\/api\/wp\/v2\/media?parent=24583"}],"wp:term":[{"taxonomy":"category","embeddable":true,"href":"https:\/\/tvsensor.com\/api\/wp\/v2\/categories?post=24583"},{"taxonomy":"post_tag","embeddable":true,"href":"https:\/\/tvsensor.com\/api\/wp\/v2\/tags?post=24583"}],"curies":[{"name":"wp","href":"https:\/\/api.w.org\/{rel}","templated":true}]}}