{"id":24577,"date":"2021-03-03T15:46:47","date_gmt":"2021-03-03T14:46:47","guid":{"rendered":"https:\/\/senzor.ba\/?p=24577"},"modified":"2024-01-15T21:39:46","modified_gmt":"2024-01-15T20:39:46","slug":"bih-centralna-izborna-komisija-potvrdila-izbore-za-nacelnika-i-skupstinu-opstine-srebrenica","status":"publish","type":"post","link":"https:\/\/tvsensor.com\/clanak\/bih-centralna-izborna-komisija-potvrdila-izbore-za-nacelnika-i-skupstinu-opstine-srebrenica\/","title":{"rendered":"BiH: Centralna izborna komisija potvrdila izbore za na\u010delnika i Skup\u0161tinu op\u0161tine Srebrenica"},"content":{"rendered":"\n<p>Centralna izborna komisija BiH je na dana\u0161njoj hitnoj sjednici donijela odluku o potvr\u0111ivanju i objavljivanju rezultata izbora za na\u010delnika Op\u0107ine Srebrenica i Skup\u0161tinu Op\u0161tine Srebrenica odr\u017eanih 15.11.2020. godine i ponovljenih izbora odr\u017eanih 21.02.2021. godine, javlja Anadolu Agency (AA).<\/p>\n\n\n\n<p>Odluka kao i potvr\u0111eni rezultati \u0107e biti dostupni javnosti na internet stranici Centralne izborne komisije BiH, www.izbori.ba .<\/p>\n\n\n\n<p>Rezultati izbora u izbornoj jedinici Doboj \u0107e biti potvr\u0111eni kada se steknu uvjeti, odnosno nakon pravosna\u017enosti odluka Centralne izborne komisije BiH.<\/p>\n","protected":false},"excerpt":{"rendered":"<p>Centralna izborna komisija BiH je na dana\u0161njoj hitnoj sjednici donijela odluku o potvr\u0111ivanju i objavljivanju rezultata izbora za na\u010delnika Op\u0107ine Srebrenica i Skup\u0161tinu Op\u0161tine Srebrenica odr\u017eanih 15.11.2020. godine i ponovljenih izbora odr\u017eanih 21.02.2021. godine, javlja Anadolu Agency (AA). Odluka kao i potvr\u0111eni rezultati \u0107e biti dostupni javnosti na internet stranici Centralne izborne komisije BiH, www.izbori.ba [&hellip;]<\/p>\n","protected":false},"author":59,"featured_media":24578,"comment_status":"closed","ping_status":"closed","sticky":false,"template":"","format":"standard","meta":{"inline_featured_image":false,"footnotes":""},"categories":[234],"tags":[],"class_list":{"0":"post-24577","1":"post","2":"type-post","3":"status-publish","4":"format-standard","5":"has-post-thumbnail","7":"category-politika"},"acf":[],"_links":{"self":[{"href":"https:\/\/tvsensor.com\/api\/wp\/v2\/posts\/24577","targetHints":{"allow":["GET"]}}],"collection":[{"href":"https:\/\/tvsensor.com\/api\/wp\/v2\/posts"}],"about":[{"href":"https:\/\/tvsensor.com\/api\/wp\/v2\/types\/post"}],"author":[{"embeddable":true,"href":"https:\/\/tvsensor.com\/api\/wp\/v2\/users\/59"}],"replies":[{"embeddable":true,"href":"https:\/\/tvsensor.com\/api\/wp\/v2\/comments?post=24577"}],"version-history":[{"count":1,"href":"https:\/\/tvsensor.com\/api\/wp\/v2\/posts\/24577\/revisions"}],"predecessor-version":[{"id":24579,"href":"https:\/\/tvsensor.com\/api\/wp\/v2\/posts\/24577\/revisions\/24579"}],"wp:featuredmedia":[{"embeddable":true,"href":"https:\/\/tvsensor.com\/api\/wp\/v2\/media\/24578"}],"wp:attachment":[{"href":"https:\/\/tvsensor.com\/api\/wp\/v2\/media?parent=24577"}],"wp:term":[{"taxonomy":"category","embeddable":true,"href":"https:\/\/tvsensor.com\/api\/wp\/v2\/categories?post=24577"},{"taxonomy":"post_tag","embeddable":true,"href":"https:\/\/tvsensor.com\/api\/wp\/v2\/tags?post=24577"}],"curies":[{"name":"wp","href":"https:\/\/api.w.org\/{rel}","templated":true}]}}