{"id":24574,"date":"2021-03-03T15:44:06","date_gmt":"2021-03-03T14:44:06","guid":{"rendered":"https:\/\/senzor.ba\/?p=24574"},"modified":"2024-01-15T21:39:46","modified_gmt":"2024-01-15T20:39:46","slug":"ankara-podzic-i-akar-potpisali-sporazum-o-vojno-finansijskoj-saradnji-bih-i-turske","status":"publish","type":"post","link":"https:\/\/tvsensor.com\/clanak\/ankara-podzic-i-akar-potpisali-sporazum-o-vojno-finansijskoj-saradnji-bih-i-turske\/","title":{"rendered":"Ankara: Pod\u017ei\u0107 i Akar potpisali Sporazum o vojno-finansijskoj saradnji BiH i Turske"},"content":{"rendered":"\n<p>Zvani\u010dnici Bosne i Hercegovine i Turske potpisali su Sporazum o vojno-finansijskoj saradnji, javlja Anadolu Agency (AA).<\/p>\n\n\n\n<p>U saop\u0107enju Ministarstva odbrane Republike Turske, navodi se kako se ministar odbrane te zemlje Hulusi Akar sastao s ministrom odbrane BiH Sifetom Pod\u017ei\u0107em.<\/p>\n\n\n\n<p>Akar je Pod\u017ei\u0107a do\u010dekao u Ministarstvu odbrane u Ankari, a uslijedio je susret dvojice ministara kao i sastanak delegacija.<\/p>\n\n\n\n<p>Na sastancima je razgovarano o saradnji na poljima odbrambene industrije, odbrane i sigurnosti.<\/p>\n\n\n\n<p>Akar je \u010destitao Dan nezavisnosti Bosne i Hercegovine, a tokom razgovora je ukazano na bilateralni odnos zasnovan na dugogodi\u0161njim historijskim vezama, solidarnosti i povjerenju. Razgovarano je i o zna\u010daju aktivnosti na ja\u010danju saradnje izme\u0111u Turske i BiH te pove\u0107anju vojnih obuka.<\/p>\n\n\n\n<p>Nakon sastanaka ministri Akar i Pod\u017ei\u0107 potpisali su Sporazum o vojno-finansijskoj saradnji te Implementacijski protokol o finansijskoj pomo\u0107i.<\/p>\n","protected":false},"excerpt":{"rendered":"<p>Zvani\u010dnici Bosne i Hercegovine i Turske potpisali su Sporazum o vojno-finansijskoj saradnji, javlja Anadolu Agency (AA). U saop\u0107enju Ministarstva odbrane Republike Turske, navodi se kako se ministar odbrane te zemlje Hulusi Akar sastao s ministrom odbrane BiH Sifetom Pod\u017ei\u0107em. Akar je Pod\u017ei\u0107a do\u010dekao u Ministarstvu odbrane u Ankari, a uslijedio je susret dvojice ministara kao [&hellip;]<\/p>\n","protected":false},"author":59,"featured_media":24575,"comment_status":"closed","ping_status":"closed","sticky":false,"template":"","format":"standard","meta":{"inline_featured_image":false,"footnotes":""},"categories":[41,37],"tags":[],"class_list":{"0":"post-24574","1":"post","2":"type-post","3":"status-publish","4":"format-standard","5":"has-post-thumbnail","7":"category-svijet","8":"category-vijesti"},"acf":[],"_links":{"self":[{"href":"https:\/\/tvsensor.com\/api\/wp\/v2\/posts\/24574","targetHints":{"allow":["GET"]}}],"collection":[{"href":"https:\/\/tvsensor.com\/api\/wp\/v2\/posts"}],"about":[{"href":"https:\/\/tvsensor.com\/api\/wp\/v2\/types\/post"}],"author":[{"embeddable":true,"href":"https:\/\/tvsensor.com\/api\/wp\/v2\/users\/59"}],"replies":[{"embeddable":true,"href":"https:\/\/tvsensor.com\/api\/wp\/v2\/comments?post=24574"}],"version-history":[{"count":1,"href":"https:\/\/tvsensor.com\/api\/wp\/v2\/posts\/24574\/revisions"}],"predecessor-version":[{"id":24576,"href":"https:\/\/tvsensor.com\/api\/wp\/v2\/posts\/24574\/revisions\/24576"}],"wp:featuredmedia":[{"embeddable":true,"href":"https:\/\/tvsensor.com\/api\/wp\/v2\/media\/24575"}],"wp:attachment":[{"href":"https:\/\/tvsensor.com\/api\/wp\/v2\/media?parent=24574"}],"wp:term":[{"taxonomy":"category","embeddable":true,"href":"https:\/\/tvsensor.com\/api\/wp\/v2\/categories?post=24574"},{"taxonomy":"post_tag","embeddable":true,"href":"https:\/\/tvsensor.com\/api\/wp\/v2\/tags?post=24574"}],"curies":[{"name":"wp","href":"https:\/\/api.w.org\/{rel}","templated":true}]}}