{"id":24570,"date":"2021-03-03T15:29:58","date_gmt":"2021-03-03T14:29:58","guid":{"rendered":"https:\/\/senzor.ba\/?p=24570"},"modified":"2024-01-15T21:39:46","modified_gmt":"2024-01-15T20:39:46","slug":"ambasada-sad-a-dodijelila-priznanje-nani-fati-orlovic-za-upornu-borbu-za-pravdu","status":"publish","type":"post","link":"https:\/\/tvsensor.com\/clanak\/ambasada-sad-a-dodijelila-priznanje-nani-fati-orlovic-za-upornu-borbu-za-pravdu\/","title":{"rendered":"Ambasada SAD-a dodijelila priznanje nani Fati Orlovi\u0107: Za upornu borbu za pravdu"},"content":{"rendered":"\n<p><strong>Ambasada Sjedinjenih Ameri\u010dkih Dr\u017eava (SAD) u BiH dodijelila je posebno priznanje nani Fati Orlovi\u0107 &#8211; za upornu borbu za pravdu u ostvarivanju svojih imovinskih prava.<\/strong><\/p>\n\n\n\n<p>Ameri\u010dka ambasada dodjelom ove nagrade obilje\u017eava mjesec \u017eenske povijesti.<\/p>\n\n\n\n<p>Mjesec \u017eenske povijesti obilje\u017eavamo odavanjem priznanja hrabrim bh. \u017eenama \u2013 \u017eenama koje su se dostojanstveno suo\u010dile s izazovima i koje predstavljaju uzor, ne samo \u017eenama i djevojkama, ve\u0107 i svim ljudima, u svim aspektima dru\u0161tva. Zahvaljujemo svakoj od vas na onome \u0161to radite svaki dan i \u0161to svima pokazujete \u0161ta hrabre \u017eene mogu posti\u0107i \u2013 navedeno je u opisu fotografije koja prikazuje nanu Fatu.<\/p>\n\n\n\n<html>\n  <title>My Website<\/title>\n<body>\n  <script async defer src=\"https:\/\/connect.facebook.net\/en_US\/sdk.js#xfbml=1&#038;version=v3.2\"><\/script>  \n  <div class=\"fb-post\" \n      data-href=\"https:\/\/www.facebook.com\/usembassy.bih\/photos\/a.166826284430\/10158987422219431\/?type=3\/\"\n      data-width=\"500\"><\/div>\n<\/body>\n<\/html>\n\n\n\n<p><\/p>\n\n\n\n<p>Podsjetimo, Evropski sud za ljudska prava je 1. oktobra 2019. donio kona\u010dnu presudu kojom se nala\u017ee da BiH mora izvr\u0161iti odluke za uklanjanje crkve iz dvori\u0161ta Fate Orlovi\u0107 u Konjevi\u0107 Polju. Vlast u manjem bh. entitetu trenutno tra\u017ei firmu koja \u0107e izmjestiti crkvu iz dvori\u0161ta nane Fate i tako dugogodi\u0161njoj borbi hrabre \u017eene dati pozitivan epilog.<\/p>\n","protected":false},"excerpt":{"rendered":"<p>Ambasada Sjedinjenih Ameri\u010dkih Dr\u017eava (SAD) u BiH dodijelila je posebno priznanje nani Fati Orlovi\u0107 &#8211; za upornu borbu za pravdu u ostvarivanju svojih imovinskih prava. Ameri\u010dka ambasada dodjelom ove nagrade obilje\u017eava mjesec \u017eenske povijesti. Mjesec \u017eenske povijesti obilje\u017eavamo odavanjem priznanja hrabrim bh. \u017eenama \u2013 \u017eenama koje su se dostojanstveno suo\u010dile s izazovima i koje predstavljaju [&hellip;]<\/p>\n","protected":false},"author":59,"featured_media":24571,"comment_status":"closed","ping_status":"closed","sticky":false,"template":"","format":"standard","meta":{"inline_featured_image":false,"footnotes":""},"categories":[69,238],"tags":[],"class_list":{"0":"post-24570","1":"post","2":"type-post","3":"status-publish","4":"format-standard","5":"has-post-thumbnail","7":"category-ponos-bih","8":"category-slika-dana"},"acf":[],"_links":{"self":[{"href":"https:\/\/tvsensor.com\/api\/wp\/v2\/posts\/24570","targetHints":{"allow":["GET"]}}],"collection":[{"href":"https:\/\/tvsensor.com\/api\/wp\/v2\/posts"}],"about":[{"href":"https:\/\/tvsensor.com\/api\/wp\/v2\/types\/post"}],"author":[{"embeddable":true,"href":"https:\/\/tvsensor.com\/api\/wp\/v2\/users\/59"}],"replies":[{"embeddable":true,"href":"https:\/\/tvsensor.com\/api\/wp\/v2\/comments?post=24570"}],"version-history":[{"count":2,"href":"https:\/\/tvsensor.com\/api\/wp\/v2\/posts\/24570\/revisions"}],"predecessor-version":[{"id":24573,"href":"https:\/\/tvsensor.com\/api\/wp\/v2\/posts\/24570\/revisions\/24573"}],"wp:featuredmedia":[{"embeddable":true,"href":"https:\/\/tvsensor.com\/api\/wp\/v2\/media\/24571"}],"wp:attachment":[{"href":"https:\/\/tvsensor.com\/api\/wp\/v2\/media?parent=24570"}],"wp:term":[{"taxonomy":"category","embeddable":true,"href":"https:\/\/tvsensor.com\/api\/wp\/v2\/categories?post=24570"},{"taxonomy":"post_tag","embeddable":true,"href":"https:\/\/tvsensor.com\/api\/wp\/v2\/tags?post=24570"}],"curies":[{"name":"wp","href":"https:\/\/api.w.org\/{rel}","templated":true}]}}