{"id":24560,"date":"2021-03-03T12:36:54","date_gmt":"2021-03-03T11:36:54","guid":{"rendered":"https:\/\/senzor.ba\/?p=24560"},"modified":"2024-01-15T21:39:47","modified_gmt":"2024-01-15T20:39:47","slug":"video-sirija-stravicni-zlocini-sijskih-milicija-nad-nezasticenim-civilima","status":"publish","type":"post","link":"https:\/\/tvsensor.com\/clanak\/video-sirija-stravicni-zlocini-sijskih-milicija-nad-nezasticenim-civilima\/","title":{"rendered":"(VIDEO) Sirija: Stravi\u010dni zlo\u010dini \u0161ijskih milicija nad neza\u0161ti\u0107enim civilima"},"content":{"rendered":"\n<p>Sirijski civili koji \u017eive na teritoriji pod kontrolom Asadovog re\u017eima izlo\u017eeni su stalnim napadima odmetnutih \u0161ijskih milicija. Posljednjih mjeseci zabilje\u017eeni su brojni zlo\u010dini nad civilima koji \u017eive u ruralnim sredinama, naro\u010dito nad \u010dobanima. Posljednji takav napada dogodio se prije nekoliko dana na podru\u010dju Khanasser na istoku Hame gdje je ubijeno desetak \u010dobana i oko 250 ovaca.<\/p>\n\n\n\n<figure class=\"wp-block-embed is-type-rich is-provider-twitter wp-block-embed-twitter\"><div class=\"wp-block-embed__wrapper\">\n<blockquote class=\"twitter-tweet\" data-width=\"550\" data-dnt=\"true\"><p lang=\"ar\" dir=\"rtl\">\u0623\u064a \u062d\u0642\u062f \u0647\u0630\u0627\u061f!&#8230;. \u0623\u064a\u0629 \u0643\u0627\u0626\u0646\u0627\u062a \u0641\u0636\u0627\u0626\u064a\u0629 \u0647\u0630\u0647\u061f! &#8230;.\u0627\u0644\u0645\u0644\u064a\u0634\u064a\u0627\u062a \u0627\u0644\u0637\u0627\u0626\u0641\u064a\u0629 \u0627\u0644\u0625\u064a\u0631\u0627\u0646\u064a\u0629 \u062a\u0642\u062a\u0644 \u0639\u0634\u0631\u0629 \u0645\u0646 \u0631\u0639\u0627\u0629 \u0627\u0644\u0623\u063a\u0646\u0627\u0645 \u0627\u0644\u0645\u0633\u0627\u0643\u064a\u0646 \u0634\u0631\u0642\u064a \u062d\u0645\u0627\u0629 \u0648\u062a\u0642\u062a\u0644 \u0645\u0639\u0647\u0645 \u0645\u0626\u0627\u062a \u0627\u0644\u0623\u063a\u0646\u0627\u0645&#8230;. \u0645\u0642\u0627\u0648\u0645\u062a\u0647\u0645 \u0648\u0645\u0645\u0627\u0646\u0639\u062a\u0647\u0645 \u0639\u0644\u0649 \u0647\u0624\u0644\u0627\u0621 \u0641\u0642\u0637 &#8230; <a href=\"https:\/\/t.co\/jwg3XNv5jQ\">pic.twitter.com\/jwg3XNv5jQ<\/a><\/p>&mdash; \u062f \u0640 \u0623\u062d\u0645\u062f \u0645\u0648\u0641\u0642 \u0632\u064a\u062f\u0627\u0646 (@Ahmadmuaffaq) <a href=\"https:\/\/twitter.com\/Ahmadmuaffaq\/status\/1366724768951590917?ref_src=twsrc%5Etfw\">March 2, 2021<\/a><\/blockquote><script async src=\"https:\/\/platform.twitter.com\/widgets.js\" charset=\"utf-8\"><\/script>\n<\/div><\/figure>\n\n\n\n<p>Na\u017ealost, prije nekoliko dana Asadove snage su prona\u0161le 21 zaklanog civila u jednom selu u blizini Rake na istoku Sirije.<\/p>\n","protected":false},"excerpt":{"rendered":"<p>Sirijski civili koji \u017eive na teritoriji pod kontrolom Asadovog re\u017eima izlo\u017eeni su stalnim napadima odmetnutih \u0161ijskih milicija. Posljednjih mjeseci zabilje\u017eeni su brojni zlo\u010dini nad civilima koji \u017eive u ruralnim sredinama, naro\u010dito nad \u010dobanima. Posljednji takav napada dogodio se prije nekoliko dana na podru\u010dju Khanasser na istoku Hame gdje je ubijeno desetak \u010dobana i oko 250 [&hellip;]<\/p>\n","protected":false},"author":59,"featured_media":24562,"comment_status":"closed","ping_status":"closed","sticky":false,"template":"","format":"standard","meta":{"inline_featured_image":false,"footnotes":""},"categories":[41],"tags":[],"class_list":{"0":"post-24560","1":"post","2":"type-post","3":"status-publish","4":"format-standard","5":"has-post-thumbnail","7":"category-svijet"},"acf":[],"_links":{"self":[{"href":"https:\/\/tvsensor.com\/api\/wp\/v2\/posts\/24560","targetHints":{"allow":["GET"]}}],"collection":[{"href":"https:\/\/tvsensor.com\/api\/wp\/v2\/posts"}],"about":[{"href":"https:\/\/tvsensor.com\/api\/wp\/v2\/types\/post"}],"author":[{"embeddable":true,"href":"https:\/\/tvsensor.com\/api\/wp\/v2\/users\/59"}],"replies":[{"embeddable":true,"href":"https:\/\/tvsensor.com\/api\/wp\/v2\/comments?post=24560"}],"version-history":[{"count":1,"href":"https:\/\/tvsensor.com\/api\/wp\/v2\/posts\/24560\/revisions"}],"predecessor-version":[{"id":24563,"href":"https:\/\/tvsensor.com\/api\/wp\/v2\/posts\/24560\/revisions\/24563"}],"wp:featuredmedia":[{"embeddable":true,"href":"https:\/\/tvsensor.com\/api\/wp\/v2\/media\/24562"}],"wp:attachment":[{"href":"https:\/\/tvsensor.com\/api\/wp\/v2\/media?parent=24560"}],"wp:term":[{"taxonomy":"category","embeddable":true,"href":"https:\/\/tvsensor.com\/api\/wp\/v2\/categories?post=24560"},{"taxonomy":"post_tag","embeddable":true,"href":"https:\/\/tvsensor.com\/api\/wp\/v2\/tags?post=24560"}],"curies":[{"name":"wp","href":"https:\/\/api.w.org\/{rel}","templated":true}]}}