{"id":24551,"date":"2021-03-03T11:09:03","date_gmt":"2021-03-03T10:09:03","guid":{"rendered":"https:\/\/senzor.ba\/?p=24551"},"modified":"2024-01-15T21:39:47","modified_gmt":"2024-01-15T20:39:47","slug":"merlin-pricao-o-prelasku-piste-a-voditeljica-hrt-a-ga-pitala-da-se-ukrcate-u-avion","status":"publish","type":"post","link":"https:\/\/tvsensor.com\/clanak\/merlin-pricao-o-prelasku-piste-a-voditeljica-hrt-a-ga-pitala-da-se-ukrcate-u-avion\/","title":{"rendered":"Merlin pri\u010dao o prelasku piste, a voditeljica HRT-a ga pitala: &#8216;Da se ukrcate u avion?&#8217;"},"content":{"rendered":"\n<iframe loading=\"lazy\" src=\"https:\/\/www.facebook.com\/plugins\/video.php?height=314&#038;href=https%3A%2F%2Fwww.facebook.com%2Fsenzornews%2Fvideos%2F802017393735749%2F&#038;show_text=false&#038;width=560\" width=\"560\" height=\"314\" style=\"border:none;overflow:hidden\" scrolling=\"no\" frameborder=\"0\" allowfullscreen=\"true\" allow=\"autoplay; clipboard-write; encrypted-media; picture-in-picture; web-share\" allowFullScreen=\"true\"><\/iframe>\n\n\n\n<p>Merlin pri\u010dao o prelasku piste, a voditeljica HRT-a ga pitala: &#8216;Da se ukrcate u avion?&#8217;<\/p>\n\n\n\n<p><strong>Najve\u0107a<\/strong>&nbsp;regionalna muzi\u010dka zvijezda&nbsp;<strong>Dino Merlin<\/strong>&nbsp;gostovao je sino\u0107 kod&nbsp;<strong>Ton\u010dice \u010celjuske<\/strong>&nbsp;u emisiji&nbsp;<strong>U svom filmu<\/strong>, u kojoj je&nbsp;<strong>govorio o svojoj dugoj i uspje\u0161noj karijeri<\/strong>, ali i otkrio mnoge detalje iz svog \u017eivota.<\/p>\n\n\n\n<p>Merlin se prisjetio dana kad je radio u&nbsp;<strong>Tvornici le\u017eajeva Vogo\u0161\u0107a<\/strong>&nbsp;i&nbsp;<strong>zapisivao pjesme na masni papir<\/strong>.<\/p>\n\n\n\n<p>&#8220;Sprdali su se sa mnom jer sam pisao pjesme&#8221;, kazao je Merlin te dodao kako im je\u00a0<strong>uvijek govorio da \u0107e ga gledati na televiziji, \u0161to se i obistinilo.<\/strong><\/p>\n\n\n\n<p><strong>Novac koji je zaradio ulo\u017eio je u studio i privatno snimio album dok je ostalo<\/strong>, kako se ka\u017ee, hiastorija.<\/p>\n\n\n\n<p><strong>Poznati Sarajlija se&nbsp;prisjetio i ratnih dana<\/strong>, kad je gledao kako mu umiru kolege, prijatelji i menad\u017eer.<\/p>\n\n\n\n<p>&#8220;Bila je lutrija kad iza\u0111ete van ho\u0107ete li se uop\u0107e vratiti&#8221;, kazao je Merlin koji je\u00a0<strong>otvoreno osudio agresiju na Bosnu i Hercegovinu<\/strong>, zbog \u010dega su se u Srbiji pisale peticije protiv njegovih koncerata.<\/p>\n\n\n\n<p><strong>Merlin se prisjetio i poziva na Eurosong<\/strong>, opisuju\u0107i kako je ekipa s kojom je i\u0161ao u Ljubljanu na put krenula tr\u010de\u0107i preko piste na Sarajevskom aerodromu.<\/p>\n\n\n\n<figure class=\"wp-block-image\"><img decoding=\"async\" src=\"https:\/\/storage.radiosarajevo.ba\/image\/581571\/1180x732\/Dino_merlin_HRT_mart2021_HRT.jpg\" alt=\"Dino Merlin u emisiji U svom filmu - undefined\"\/><figcaption><strong>Foto: HRT: Dino Merlin u emisiji U svom filmu<\/strong><\/figcaption><\/figure>\n\n\n\n<p><strong>&#8220;Da do\u0111ete do aviona?&#8221;, zbunjeno je pitala voditeljica \u010celjuska.<\/strong><\/p>\n\n\n\n<p>On je zatim&nbsp;<strong>za\u010du\u0111eno odmahnuo glavom<\/strong>&nbsp;i nastavio obja\u0161njavati kako je&nbsp;<strong>njegova ekipa tr\u010dala preko piste<\/strong>, nastaviti putovati preko slobodnih teritorija do&nbsp;<strong>Makarske, zatim oti\u0107i u Zagreb, odakle su avionom otputovali u Sloveniju.<\/strong><\/p>\n\n\n\n<p>&#8220;<strong>Mi smo ljudi koji su oti\u0161li na Eurosong poderanih pantalona, smrznuti, blatnjavih \u010dizama&#8230;<\/strong>&#8220;, podvukao je \u010carobnjak.<\/p>\n\n\n\n<p>Dino Merlin je govorio i o&nbsp;<strong>filmskoj pri\u010di sa suprugom Amelom&nbsp;Dervi\u0161halidovi\u0107<\/strong>, \u010diji su roditelji bili protiv njihovog braka.<\/p>\n\n\n\n<p>Ka\u017ee kako ju je doslovno &#8220;ukrao&#8221; njezinim roditeljima, a zajedno su danas vi\u0161e od \u010detiri desetlje\u0107a.<\/p>\n\n\n\n<p>&#8220;Posebno mi je bilo drago kada je jedne prilike rekla, a gdje je onaj stick sa pjesmama&#8221;, kazao je&nbsp;<strong>\u010carobnjak ne skidaju\u0107i osmijeh s lica<\/strong>.<\/p>\n","protected":false},"excerpt":{"rendered":"<p>Merlin pri\u010dao o prelasku piste, a voditeljica HRT-a ga pitala: &#8216;Da se ukrcate u avion?&#8217; Najve\u0107a&nbsp;regionalna muzi\u010dka zvijezda&nbsp;Dino Merlin&nbsp;gostovao je sino\u0107 kod&nbsp;Ton\u010dice \u010celjuske&nbsp;u emisiji&nbsp;U svom filmu, u kojoj je&nbsp;govorio o svojoj dugoj i uspje\u0161noj karijeri, ali i otkrio mnoge detalje iz svog \u017eivota. Merlin se prisjetio dana kad je radio u&nbsp;Tvornici le\u017eajeva Vogo\u0161\u0107a&nbsp;i&nbsp;zapisivao pjesme na [&hellip;]<\/p>\n","protected":false},"author":59,"featured_media":24552,"comment_status":"closed","ping_status":"closed","sticky":false,"template":"","format":"video","meta":{"inline_featured_image":false,"footnotes":""},"categories":[47],"tags":[],"class_list":{"0":"post-24551","1":"post","2":"type-post","3":"status-publish","4":"format-video","5":"has-post-thumbnail","7":"category-historija","8":"post_format-post-format-video"},"acf":[],"_links":{"self":[{"href":"https:\/\/tvsensor.com\/api\/wp\/v2\/posts\/24551","targetHints":{"allow":["GET"]}}],"collection":[{"href":"https:\/\/tvsensor.com\/api\/wp\/v2\/posts"}],"about":[{"href":"https:\/\/tvsensor.com\/api\/wp\/v2\/types\/post"}],"author":[{"embeddable":true,"href":"https:\/\/tvsensor.com\/api\/wp\/v2\/users\/59"}],"replies":[{"embeddable":true,"href":"https:\/\/tvsensor.com\/api\/wp\/v2\/comments?post=24551"}],"version-history":[{"count":1,"href":"https:\/\/tvsensor.com\/api\/wp\/v2\/posts\/24551\/revisions"}],"predecessor-version":[{"id":24553,"href":"https:\/\/tvsensor.com\/api\/wp\/v2\/posts\/24551\/revisions\/24553"}],"wp:featuredmedia":[{"embeddable":true,"href":"https:\/\/tvsensor.com\/api\/wp\/v2\/media\/24552"}],"wp:attachment":[{"href":"https:\/\/tvsensor.com\/api\/wp\/v2\/media?parent=24551"}],"wp:term":[{"taxonomy":"category","embeddable":true,"href":"https:\/\/tvsensor.com\/api\/wp\/v2\/categories?post=24551"},{"taxonomy":"post_tag","embeddable":true,"href":"https:\/\/tvsensor.com\/api\/wp\/v2\/tags?post=24551"}],"curies":[{"name":"wp","href":"https:\/\/api.w.org\/{rel}","templated":true}]}}