{"id":24548,"date":"2021-03-03T10:18:52","date_gmt":"2021-03-03T09:18:52","guid":{"rendered":"https:\/\/senzor.ba\/?p=24548"},"modified":"2024-01-15T21:39:47","modified_gmt":"2024-01-15T20:39:47","slug":"cenic-kada-bi-padali-mrtvi-nece-biti-lockdowna","status":"publish","type":"post","link":"https:\/\/tvsensor.com\/clanak\/cenic-kada-bi-padali-mrtvi-nece-biti-lockdowna\/","title":{"rendered":"Ceni\u0107: Kada bi padali mrtvi, ne\u0107e biti lockdowna"},"content":{"rendered":"\n<figure class=\"wp-block-embed is-type-video is-provider-youtube wp-block-embed-youtube wp-embed-aspect-16-9 wp-has-aspect-ratio\"><div class=\"wp-block-embed__wrapper\">\n<iframe loading=\"lazy\" title=\"Svetlana Ceni\u0107 o ekonomiji u doba pandemije\" width=\"696\" height=\"392\" src=\"https:\/\/www.youtube.com\/embed\/cGwM_2Ifvps?feature=oembed\" frameborder=\"0\" allow=\"accelerometer; autoplay; clipboard-write; encrypted-media; gyroscope; picture-in-picture\" allowfullscreen><\/iframe>\n<\/div><\/figure>\n\n\n\n<p>&#8220;Ljudi biraju predstavnike politi\u010dkih stranaka i ne pitaju ih za ekonomske programe, a onda ja dobijem komentar da se ne bavim ja politikom nego ekonomijom. E pa to je neodvojivo&#8221;, kazala je za&nbsp;<a href=\"https:\/\/bhrt.ba\/cenic-za-bhrt-kada-bi-padali-mrtvi-nece-biti-lockdowna\/\">BHRT<\/a>&nbsp;ekonomistica&nbsp;<strong>Svetlana Ceni\u0107<\/strong>.<\/p>\n\n\n\n<p><strong>Nakaradna politika mo\u017ee samo dovesti do nakaradne ekonomije<\/strong>&nbsp;i to se kod nas jasno vidi.<\/p>\n\n\n\n<p>&#8220;Na\u0161lo bi se novca ali vidite da su prioriteti bili tepisi, audi, slike, koje\u0161ta&#8221;, naglasila je ona u \u201cJutru za sve\u201d.<\/p>\n\n\n\n<p>&#8220;Nabavke kola, a nije bio prioritet nabavke vakcina, i \u0161ta sada trebamo, da kukamo do neba. Vidite i ove vijesti za ugostitelje, zna se gdje im je adresa da se obrate. Da pitaju za\u0161to nisu vakcinisani, za\u0161to ne mogu da rade do 24h.<\/p>\n\n\n\n<p><strong>U ovoj BiH je uvijek bilo \u201cDaj Bo\u017ee k\u0107eri da te beg uzme\u201d<\/strong>,\u00a0<strong>ali siro\u010di\u0107i hodaju okolo&#8221;<\/strong>, kazala je Ceni\u0107.<\/p>\n\n\n\n<p>Govore\u0107i o pove\u0107anju cijena istakla je kako&nbsp;<strong>cijene rastu najvi\u0161e gdje su gra\u0111ani najosjetljiviji, a to je hrana.<\/strong><\/p>\n\n\n\n<p>&#8220;Vi kada saberete potro\u0161a\u010dku korpu pa stavite namje\u0161taj i garderobu koji su pojeftinili, pa ulje, \u0161e\u0107er, bra\u0161no i ostale osnovne namirnice dobijete simboli\u010dno pove\u0107anje od 0,3 %. ali ko to sada kupuje namje\u0161taj u ovo vrijeme? A hranu morate kupovati. Mislim da su cijene dosta porasle. Evo primjera na ulju. U ovom periodu dva puta je poskupili, a poskupi\u0107e i ostalo. Proizvo\u0111a\u010di nemaju drugo nego da pove\u0107anjem cijena poklope ono \u0161to su izgubili. Treba isplatiti plate, obaveze. Mi zaboravljamo da je u lancu od proizvo\u0111a\u010da do kupca upravo proizvo\u0111a\u010d najva\u017eniji.<\/p>\n\n\n\n<p><strong>Kada bi padali mrtvi, ne\u0107e biti lockdowna<\/strong>&#8220;, istakla je Ceni\u0107.<\/p>\n\n\n\n<p>&#8220;Evo vidite i u Srbiji, bio je prijedlog zbog pove\u0107anog broja zara\u017eenih, pa ovdje se pove\u0107ava tako\u0111er. Vidite u posljednja 24h ju\u010de informacija 29 smrtnih slu\u010dajeva. Ali lock downa ne\u0107e biti. Javne isntitucije \u0107e organizovati rad, pa \u0107e se raditi od ku\u0107e, a proizvodnja se ne\u0107e raditi od ku\u0107e. Radnik mora za ma\u0161inu. Mora nekome prodati. Mo\u017eemo o\u010dekivati jo\u0161 te\u017ei period. Smanjuje se kupovna mo\u0107, crpe se rezerve. Kako ostati zdrav i pove\u0107ati imunitet ako nemate para za kvalitetnu ishranu. Svi su zaboravili da bud\u017eet pune gra\u0111ani kroz pla\u0107anje poreza, svi su zaboravili privredu&#8221;, tvrdi Ceni\u0107.&nbsp;<\/p>\n","protected":false},"excerpt":{"rendered":"<p>&#8220;Ljudi biraju predstavnike politi\u010dkih stranaka i ne pitaju ih za ekonomske programe, a onda ja dobijem komentar da se ne bavim ja politikom nego ekonomijom. E pa to je neodvojivo&#8221;, kazala je za&nbsp;BHRT&nbsp;ekonomistica&nbsp;Svetlana Ceni\u0107. Nakaradna politika mo\u017ee samo dovesti do nakaradne ekonomije&nbsp;i to se kod nas jasno vidi. &#8220;Na\u0161lo bi se novca ali vidite da [&hellip;]<\/p>\n","protected":false},"author":59,"featured_media":24549,"comment_status":"closed","ping_status":"closed","sticky":false,"template":"","format":"video","meta":{"inline_featured_image":false,"footnotes":""},"categories":[42],"tags":[],"class_list":{"0":"post-24548","1":"post","2":"type-post","3":"status-publish","4":"format-video","5":"has-post-thumbnail","7":"category-ekonomija","8":"post_format-post-format-video"},"acf":[],"_links":{"self":[{"href":"https:\/\/tvsensor.com\/api\/wp\/v2\/posts\/24548","targetHints":{"allow":["GET"]}}],"collection":[{"href":"https:\/\/tvsensor.com\/api\/wp\/v2\/posts"}],"about":[{"href":"https:\/\/tvsensor.com\/api\/wp\/v2\/types\/post"}],"author":[{"embeddable":true,"href":"https:\/\/tvsensor.com\/api\/wp\/v2\/users\/59"}],"replies":[{"embeddable":true,"href":"https:\/\/tvsensor.com\/api\/wp\/v2\/comments?post=24548"}],"version-history":[{"count":1,"href":"https:\/\/tvsensor.com\/api\/wp\/v2\/posts\/24548\/revisions"}],"predecessor-version":[{"id":24550,"href":"https:\/\/tvsensor.com\/api\/wp\/v2\/posts\/24548\/revisions\/24550"}],"wp:featuredmedia":[{"embeddable":true,"href":"https:\/\/tvsensor.com\/api\/wp\/v2\/media\/24549"}],"wp:attachment":[{"href":"https:\/\/tvsensor.com\/api\/wp\/v2\/media?parent=24548"}],"wp:term":[{"taxonomy":"category","embeddable":true,"href":"https:\/\/tvsensor.com\/api\/wp\/v2\/categories?post=24548"},{"taxonomy":"post_tag","embeddable":true,"href":"https:\/\/tvsensor.com\/api\/wp\/v2\/tags?post=24548"}],"curies":[{"name":"wp","href":"https:\/\/api.w.org\/{rel}","templated":true}]}}