{"id":24539,"date":"2021-03-03T09:57:35","date_gmt":"2021-03-03T08:57:35","guid":{"rendered":"https:\/\/senzor.ba\/?p=24539"},"modified":"2024-01-15T21:39:47","modified_gmt":"2024-01-15T20:39:47","slug":"kolekcija-iz-opsade-sarajeva-za-guinnessovu-knjigu-rekorda","status":"publish","type":"post","link":"https:\/\/tvsensor.com\/clanak\/kolekcija-iz-opsade-sarajeva-za-guinnessovu-knjigu-rekorda\/","title":{"rendered":"Kolekcija iz opsade Sarajeva za Guinnessovu knjigu rekorda"},"content":{"rendered":"\n<iframe loading=\"lazy\" src=\"https:\/\/www.slobodnaevropa.org\/embed\/player\/0\/31123548.html?type=video\" frameborder=\"0\" scrolling=\"no\" width=\"560\" height=\"314\" allowfullscreen=\"\"><\/iframe>\n\n\n\n<p>Filip Andronik je na po\u010detku opsade Sarajeva 1992. godine imao 11 godina kada je po\u010deo da skuplja omote iz humanitarne pomo\u0107i koja je stizala u grad kao &#8220;poku\u0161aj pronalaska razonode, ne\u010deg \u0161to ima du\u017ei smisao u vremenu besmisla&#8221;. Filip je sa kolekcijom koju je skupio do kraja opsade grada 1996. postao prvi Bosanac koji je u\u0161ao u Guinnessovu knjigu rekorda za 1996. Kolekcija sa preko 2.000 eksponata danas 25 godina od kraja opsade Sarajeva pohranjena je u Muzeju ratnog djetinjstva.<\/p>\n\n\n\n<p>RSE<\/p>\n","protected":false},"excerpt":{"rendered":"<p>Filip Andronik je na po\u010detku opsade Sarajeva 1992. godine imao 11 godina kada je po\u010deo da skuplja omote iz humanitarne pomo\u0107i koja je stizala u grad kao &#8220;poku\u0161aj pronalaska razonode, ne\u010deg \u0161to ima du\u017ei smisao u vremenu besmisla&#8221;. Filip je sa kolekcijom koju je skupio do kraja opsade grada 1996. postao prvi Bosanac koji je [&hellip;]<\/p>\n","protected":false},"author":59,"featured_media":24541,"comment_status":"closed","ping_status":"closed","sticky":false,"template":"","format":"video","meta":{"inline_featured_image":false,"footnotes":""},"categories":[72,1244],"tags":[],"class_list":{"0":"post-24539","1":"post","2":"type-post","3":"status-publish","4":"format-video","5":"has-post-thumbnail","7":"category-video-galerija","8":"category-zanimljivosti-video-galerija","9":"post_format-post-format-video"},"acf":[],"_links":{"self":[{"href":"https:\/\/tvsensor.com\/api\/wp\/v2\/posts\/24539","targetHints":{"allow":["GET"]}}],"collection":[{"href":"https:\/\/tvsensor.com\/api\/wp\/v2\/posts"}],"about":[{"href":"https:\/\/tvsensor.com\/api\/wp\/v2\/types\/post"}],"author":[{"embeddable":true,"href":"https:\/\/tvsensor.com\/api\/wp\/v2\/users\/59"}],"replies":[{"embeddable":true,"href":"https:\/\/tvsensor.com\/api\/wp\/v2\/comments?post=24539"}],"version-history":[{"count":2,"href":"https:\/\/tvsensor.com\/api\/wp\/v2\/posts\/24539\/revisions"}],"predecessor-version":[{"id":24546,"href":"https:\/\/tvsensor.com\/api\/wp\/v2\/posts\/24539\/revisions\/24546"}],"wp:featuredmedia":[{"embeddable":true,"href":"https:\/\/tvsensor.com\/api\/wp\/v2\/media\/24541"}],"wp:attachment":[{"href":"https:\/\/tvsensor.com\/api\/wp\/v2\/media?parent=24539"}],"wp:term":[{"taxonomy":"category","embeddable":true,"href":"https:\/\/tvsensor.com\/api\/wp\/v2\/categories?post=24539"},{"taxonomy":"post_tag","embeddable":true,"href":"https:\/\/tvsensor.com\/api\/wp\/v2\/tags?post=24539"}],"curies":[{"name":"wp","href":"https:\/\/api.w.org\/{rel}","templated":true}]}}