{"id":24527,"date":"2021-03-03T08:45:19","date_gmt":"2021-03-03T07:45:19","guid":{"rendered":"https:\/\/senzor.ba\/?p=24527"},"modified":"2024-01-15T21:39:48","modified_gmt":"2024-01-15T20:39:48","slug":"zbog-fotke-sa-kokardom-filozofski-fakultet-raskida-saradnju-s-admirom-kalabic","status":"publish","type":"post","link":"https:\/\/tvsensor.com\/clanak\/zbog-fotke-sa-kokardom-filozofski-fakultet-raskida-saradnju-s-admirom-kalabic\/","title":{"rendered":"Zbog fotke sa kokardom Filozofski fakultet raskida saradnju s Admirom Kalabi\u0107"},"content":{"rendered":"\n<p>Filozofski fakultet u Tuzli pokrenuo je proceduru za raskid saradnje s<strong>&nbsp;Admirom (Mijom) Kalabi\u0107<\/strong>&nbsp;zbog fotografije na kojoj se&nbsp;<strong>slikala sa zastavom RS-a<\/strong>&nbsp;i s&nbsp;<strong>kapom<\/strong>&nbsp;na glavi na kojoj je&nbsp;<strong>\u010detni\u010dka kokarda.<\/strong><\/p>\n\n\n\n<p>Ovu vijest potvrdio je i jedan od profesora Filozofskog fakulteta. Prema njegovim rije\u010dima pokrenuta je ve\u0107 i procedura za raskid saradnje.<\/p>\n\n\n\n<p>Ina\u010de, Admira Kalabi\u0107, kako smo saznali, nije zaposlenica Filozofskog fakulteta u Tuzli. Ona je na ovom fakultetu anga\u017eovana kao asistentica na Odsjeku za njema\u010dki jezik, ali po osnovu&nbsp;<strong>ugovora o djelu.<\/strong><\/p>\n\n\n\n<p>Podsje\u0107amo da je zbog fotografije na kojoj Admira Kalabi\u0107 dr\u017ei zastavu RS-a i nosi kapu s kokardom na glavi, reagovalo&nbsp;<strong>Studentsko vije\u0107e Filozofskog fakulteta u Tuzli, tra\u017ee\u0107i reakciju nadle\u017enih.<\/strong><\/p>\n\n\n\n<p>&#8220;Pitamo se (a i Vas pitamo) \u2013 kolika je slu\u010dajnost da se takva objava na\u0111e u javnosti nekoliko dana prije Dana nezavisnosti Bosne i Hercegovine, dok se u javnosti, tako\u0111er, promi\u010du sporne, antidr\u017eavne izjave politi\u010dara iz bosanskohercegova\u010dkog entiteta RS&#8221;, navedeno je, izme\u0111u ostalog, u saop\u0107enju ove studentske organizacije.<\/p>\n","protected":false},"excerpt":{"rendered":"<p>Filozofski fakultet u Tuzli pokrenuo je proceduru za raskid saradnje s&nbsp;Admirom (Mijom) Kalabi\u0107&nbsp;zbog fotografije na kojoj se&nbsp;slikala sa zastavom RS-a&nbsp;i s&nbsp;kapom&nbsp;na glavi na kojoj je&nbsp;\u010detni\u010dka kokarda. Ovu vijest potvrdio je i jedan od profesora Filozofskog fakulteta. Prema njegovim rije\u010dima pokrenuta je ve\u0107 i procedura za raskid saradnje. Ina\u010de, Admira Kalabi\u0107, kako smo saznali, nije zaposlenica [&hellip;]<\/p>\n","protected":false},"author":59,"featured_media":24528,"comment_status":"closed","ping_status":"closed","sticky":false,"template":"","format":"standard","meta":{"inline_featured_image":false,"footnotes":""},"categories":[38],"tags":[],"class_list":{"0":"post-24527","1":"post","2":"type-post","3":"status-publish","4":"format-standard","5":"has-post-thumbnail","7":"category-vijesti-iz-bih"},"acf":[],"_links":{"self":[{"href":"https:\/\/tvsensor.com\/api\/wp\/v2\/posts\/24527","targetHints":{"allow":["GET"]}}],"collection":[{"href":"https:\/\/tvsensor.com\/api\/wp\/v2\/posts"}],"about":[{"href":"https:\/\/tvsensor.com\/api\/wp\/v2\/types\/post"}],"author":[{"embeddable":true,"href":"https:\/\/tvsensor.com\/api\/wp\/v2\/users\/59"}],"replies":[{"embeddable":true,"href":"https:\/\/tvsensor.com\/api\/wp\/v2\/comments?post=24527"}],"version-history":[{"count":2,"href":"https:\/\/tvsensor.com\/api\/wp\/v2\/posts\/24527\/revisions"}],"predecessor-version":[{"id":24530,"href":"https:\/\/tvsensor.com\/api\/wp\/v2\/posts\/24527\/revisions\/24530"}],"wp:featuredmedia":[{"embeddable":true,"href":"https:\/\/tvsensor.com\/api\/wp\/v2\/media\/24528"}],"wp:attachment":[{"href":"https:\/\/tvsensor.com\/api\/wp\/v2\/media?parent=24527"}],"wp:term":[{"taxonomy":"category","embeddable":true,"href":"https:\/\/tvsensor.com\/api\/wp\/v2\/categories?post=24527"},{"taxonomy":"post_tag","embeddable":true,"href":"https:\/\/tvsensor.com\/api\/wp\/v2\/tags?post=24527"}],"curies":[{"name":"wp","href":"https:\/\/api.w.org\/{rel}","templated":true}]}}