{"id":24520,"date":"2021-03-02T16:31:13","date_gmt":"2021-03-02T15:31:13","guid":{"rendered":"https:\/\/senzor.ba\/?p=24520"},"modified":"2024-01-15T21:39:48","modified_gmt":"2024-01-15T20:39:48","slug":"ukc-tuzla-nana-fata-orlovic-otpustena-na-kucno-lijecenje","status":"publish","type":"post","link":"https:\/\/tvsensor.com\/clanak\/ukc-tuzla-nana-fata-orlovic-otpustena-na-kucno-lijecenje\/","title":{"rendered":"UKC Tuzla: Nana Fata Orlovi\u0107 otpu\u0161tena na ku\u0107no lije\u010denje"},"content":{"rendered":"\n<p>Nana Fata Orlovi\u0107, koja je od pro\u0161log ponedjeljka bila hospitalizovana u Univerzitetsko \u2013 klini\u010dkom centru Tuzla, danas je otpu\u0161tena na ku\u0107no lije\u010denje, javlja Anadolu Agency (AA).<\/p>\n\n\n\n<p>O njoj \u0107e u ku\u0107noj atmosferi, a po instrukcijama ljekara brinuti k\u0107erka Hurija i zet Mirza Kari\u0107 iz Srebrenika. Nana Fata Orlovi\u0107 je pro\u0161le sedmice osjetila slabost, a ljekari su utvrdili da nije zara\u017eena koronavirusom, ali da ima problema sa plu\u0107ima.<\/p>\n\n\n\n<p>\u201cImala sam neophodnu brigu i njegu. Hvala im na tome\u201d, kazala je nana Fata Orlovi\u0107 po izlasku iz bolnice.<\/p>\n\n\n\n<p>Nana Fatu su ju\u010der posjetili u\u010denici Behram-begove medrese u Tuzli kako bi joj \u010destitali Dan nezavisnosti.<\/p>\n\n\n\n<p>Ina\u010de, nana Fata Orlovi\u0107 jo\u0161 uvijek \u010deka na implementaciju presude Evropskog suda za ljudska prava o izmije\u0161tanju nelegalno sagra\u0111ene pravoslavne crkve u njenoj avliji u Konjevi\u0107-Polju (Op\u0161tina Bratunac).<\/p>\n\n\n\n<p>\u201cObe\u0107ano mi je da \u0107e se ovog prolje\u0107a ukloniti crkva. Vidjet \u0107emo, \u010dekam mu\u0161tuluk\u201d, ka\u017ee Fata Orlovi\u0107.<\/p>\n","protected":false},"excerpt":{"rendered":"<p>Nana Fata Orlovi\u0107, koja je od pro\u0161log ponedjeljka bila hospitalizovana u Univerzitetsko \u2013 klini\u010dkom centru Tuzla, danas je otpu\u0161tena na ku\u0107no lije\u010denje, javlja Anadolu Agency (AA). O njoj \u0107e u ku\u0107noj atmosferi, a po instrukcijama ljekara brinuti k\u0107erka Hurija i zet Mirza Kari\u0107 iz Srebrenika. Nana Fata Orlovi\u0107 je pro\u0161le sedmice osjetila slabost, a ljekari [&hellip;]<\/p>\n","protected":false},"author":59,"featured_media":24521,"comment_status":"closed","ping_status":"closed","sticky":false,"template":"","format":"standard","meta":{"inline_featured_image":false,"footnotes":""},"categories":[38],"tags":[],"class_list":{"0":"post-24520","1":"post","2":"type-post","3":"status-publish","4":"format-standard","5":"has-post-thumbnail","7":"category-vijesti-iz-bih"},"acf":[],"_links":{"self":[{"href":"https:\/\/tvsensor.com\/api\/wp\/v2\/posts\/24520","targetHints":{"allow":["GET"]}}],"collection":[{"href":"https:\/\/tvsensor.com\/api\/wp\/v2\/posts"}],"about":[{"href":"https:\/\/tvsensor.com\/api\/wp\/v2\/types\/post"}],"author":[{"embeddable":true,"href":"https:\/\/tvsensor.com\/api\/wp\/v2\/users\/59"}],"replies":[{"embeddable":true,"href":"https:\/\/tvsensor.com\/api\/wp\/v2\/comments?post=24520"}],"version-history":[{"count":1,"href":"https:\/\/tvsensor.com\/api\/wp\/v2\/posts\/24520\/revisions"}],"predecessor-version":[{"id":24522,"href":"https:\/\/tvsensor.com\/api\/wp\/v2\/posts\/24520\/revisions\/24522"}],"wp:featuredmedia":[{"embeddable":true,"href":"https:\/\/tvsensor.com\/api\/wp\/v2\/media\/24521"}],"wp:attachment":[{"href":"https:\/\/tvsensor.com\/api\/wp\/v2\/media?parent=24520"}],"wp:term":[{"taxonomy":"category","embeddable":true,"href":"https:\/\/tvsensor.com\/api\/wp\/v2\/categories?post=24520"},{"taxonomy":"post_tag","embeddable":true,"href":"https:\/\/tvsensor.com\/api\/wp\/v2\/tags?post=24520"}],"curies":[{"name":"wp","href":"https:\/\/api.w.org\/{rel}","templated":true}]}}