{"id":24515,"date":"2021-03-02T13:30:34","date_gmt":"2021-03-02T12:30:34","guid":{"rendered":"https:\/\/senzor.ba\/?p=24515"},"modified":"2024-01-15T21:39:48","modified_gmt":"2024-01-15T20:39:48","slug":"seid-skaljic-mladima-treba-dati-perspektivu-da-ostanu-u-bih","status":"publish","type":"post","link":"https:\/\/tvsensor.com\/clanak\/seid-skaljic-mladima-treba-dati-perspektivu-da-ostanu-u-bih\/","title":{"rendered":"Seid \u0160kalji\u0107: Mladima treba dati perspektivu da ostanu u BiH"},"content":{"rendered":"\n<p>Kao \u010dlan ugledne sarajevske porodice Seid \u0160kalji\u0107 uspje\u0161no vodi vlastitu firmu, a kao mlad se uklju\u010dio i u politiku da bi, kako ka\u017ee, mijenjao stvari i rje\u0161avao probleme koji ti\u0161te mlade poduzetnike.<\/p>\n\n\n\n<p>Vlastitu firmu 33-godi\u0161nji \u0160kalji\u0107 uspje\u0161no vodi ve\u0107 12 godina, a u tre\u0107em uzastopnom mandatu je i \u010dlan Op\u0107inskog vije\u0107a Stari Grad Sarajevo. Uskoro \u0107e postati i delegat u Gradskom vije\u0107u Grada Sarajeva.<\/p>\n\n\n\n<p>\u201cNo\u0161enje prezimena \u0160kalji\u0107 je medalja koja ima dvije strane. Kada pri\u010dam sa prijateljima i poznanicima, oni \u010desto gledaju samo tu pozitivnu stranu i misle da ona donosi samo pozitivne stvari. Me\u0111utim ona ima i tu te\u017eu stranu, odnosno breme. Moja porodica je u Sarajevu oko 360 godina. \u017divimo u ulici koja se zove \u0160kaljin sokak. Naravno da sve to vezano uz porodi\u010dnu tradiciju nosi veliku odgovornost, posve\u0107enost porodici, na\u0161im kom\u0161ijama, prijateljima, mje\u0161tanima Starog Grada i cijelog Sarajeva\u201c, kazao je \u0160kalji\u0107 u razgovoru za Anadolu Agency (AA).<\/p>\n\n\n\n<p>Isti\u010du\u0107i kako nije uvijek jednostavno mladom \u010dovjeku da nosi breme porodi\u010dnog ugleda jer mora znatno vi\u0161e paziti na pona\u0161anje i rad, \u0160kalji\u0107 je u razgovoru za AA kazao kako je odrastao gledaju\u0107i svog oca i svoju majku, koji su ga odgojili da to ne do\u017eivljava kao teret, ve\u0107 da mu bude zadovoljstvo nositi to prezime.<\/p>\n\n\n\n<p><strong>&#8211; Odgovornost i \u010destitost kao dio porodi\u010dne tradicije &#8211;<\/strong><\/p>\n\n\n\n<p>\u201cJa sam se prvi put aktivno uklju\u010dio u politiku 2012. godine kada sam se kandidovao na lokalnim izborima za Op\u0107insko vije\u0107e Stari Grad Sarajevo i tu sam i izabran. Pasivno sam u politici uvijek bio uz svog oca Fehima \u0160kalji\u0107a koji je bio i na\u010delnik Op\u0107ine Stari Grad u periodu od 2000. do 2004. godine. Tako da sam uz njega uvijek \u017eivio taj \u017eivot odgovornosti prema zajednici. Po izboru u Op\u0107insko vije\u0107e mi nije bilo toliko strano \u0161ta to zna\u010di, koja je odgovornost i \u0161ta to sve predstavlja\u201c, kazao je \u0160kalji\u0107.<\/p>\n\n\n\n<p>Pored zahvalnosti ocu, \u0160kalji\u0107 je kazao da dosta duguje bogatoj porodi\u010dnoj tradiciji u kojoj je i njegov pradjed Nezir ef. \u0160kalji\u0107 koji je u periodu Austro-ugarske izabran kao tre\u0107i gradona\u010delnik Sarajeva i koji je bio jedan je od osniva\u010da Islamske zajednice u BiH.<\/p>\n\n\n\n<p>Dodao je kako je \u010dlan te porodice bio i Abdulah ef. \u0160kalji\u0107 koji je, pored djela iz oblasti \u0161erijatskog su\u0111enja i tuma\u010denja zakona, napisao i knjigu \u201cTurcizmi u srpskohrvatskom jeziku\u201c. Ta knjiga je prvi put objavljena 1965. godine, imala je jo\u0161 deset izdanja, a i danas predstavlja zanimljivu literaturu za lingvisti\u010dare koji se bave istra\u017eivanjem te oblasti.<\/p>\n\n\n\n<p>Iako je u porodici okru\u017een naj\u010de\u0161\u0107e pravnicima, Seid se odlu\u010dio za ekonomiju i uspje\u0161no vodi vlastiti biznis. Ponukan lo\u0161im iskustvima i problemima na koje je nailazio u procesu pokretanja biznisa, odlu\u010dio se aktivno uklju\u010diti i u politiku.<\/p>\n\n\n\n<p>\u201cVidio sam kakva je to administrativna d\u017eungla i onda sam rekao da ja to na neki na\u010din moram mijenjati\u201c, kazao je \u0160kalji\u0107 i dodao da mu je \u017eao \u0161to se mladi u ve\u0107oj mjeri ne uklju\u010duju aktivno u politi\u010dke procese i promjene koje bi im omogu\u0107ile bolji \u017eivot.<\/p>\n\n\n\n<p>\u201cJa sam to ipak htio i zato sam se 2012. godine i kandidovao, naravno to mi nije bilo toliko strano zahvaljuju\u0107i mom ocu koji mi je velika potpora u cijeloj ovoj pri\u010di, velika inspiracija i moj glavni mentor. Zato sam ja htio da radim promjene iznutra. Zato i pozivam druge ljude koji imaju dobre ideje, koji \u017eele ne\u0161to uraditi i pomo\u0107i ovoj dr\u017eavi. To je na\u010din kako mo\u017eemo mijenjati stvari\u201c, kazao je \u0160kalji\u0107.<\/p>\n\n\n\n<p>O li\u010dnim aspiracijama na politi\u010dkoj sceni \u0160kalji\u0107 je kazao kako \u017eeli i\u0107i stepenicu po stepenicu, a kako je prva stepenica nivo op\u0107ine koji ima najdirektniji kontakt sa ljudima.<\/p>\n\n\n\n<p>\u201cMoj osnovni cilj je da prenesem svoja pozitivna i negativna iskustva iz privrede i da mijenjamo te negativne stvari. Mislim da smo mi zemlja koja ima veliki potencijal, ali da smo se ulijenili i da \u010dekamo da nam do\u0111e neko sa strane da nam to ne\u0161to rije\u0161i. To moramo promijeniti i zato ja imam \u017eelju da to radim, sada na op\u0107inskom nivou, pa ako bude su\u0111eno i na nekim drugim nivoima\u201c, kazao je \u0160kalji\u0107.<\/p>\n\n\n\n<p>Isti\u010du\u0107i kako se u svom politi\u010dkom anga\u017emanu najvi\u0161e bazira na podr\u0161ku privredi i mladima, \u0160kalji\u0107 je kazao kako mladima treba dati perspektivu da ostanu u ovoj zemlji. Uspjehe ljudi koji sa ovog podru\u010dja ostvaruju na Zapadu ne smatra slu\u010dajnim, ve\u0107 plodom njihove sposobnosti i \u010dinjenice da tamo\u0161nji sistemi podr\u017eava kvalitetne ljude, ideje i projekte.<\/p>\n\n\n\n<p>On je dalje kazao kako su politi\u010dari i stranke vrlo pragmati\u010dni i kako poku\u0161avaju zadr\u017eati svoju mo\u0107, a da promjene u ve\u0107ini slu\u010dajeva to ne garantiraju. Ukazao je i na generalno slabu izlaznost na izborima u BiH i dodao kako upravo izlazak na izbore predstavlja mehanizam za promjena u ovoj dr\u017eavi.<\/p>\n\n\n\n<p>\u0160kalji\u0107 tvrdi da se i u politici uspjesi moraju valorizirati shodno ostvarenim uspjesima i ispunjenim obe\u0107anjima.<\/p>\n\n\n\n<p>On je kazao kako je pro\u0161le godine inicirao projekt pove\u0107anja sredstava Op\u0107ine Stari Grad koja se izdvajaju za start-up projekte, \u0161to je jedan od na\u010dina motivisanja mladih za pokretanje vlastitih biznisa.<\/p>\n\n\n\n<p>Do sada je to bio iznos od 40.000, a nedavnom odlukom Vije\u0107a je pove\u0107an na 130.000 maraka. Za zadr\u017eavanje mladih u Starom Gradu je osmi\u0161ljen i projekt izgradnje stanova koji \u0107e se po povoljnim uslovima prodavati mladim bra\u010dnim parovima.<\/p>\n\n\n\n<p><strong>&#8211; \u0160kalji\u0107: Stari grad ne treba da ostane star &#8211;<\/strong><\/p>\n\n\n\n<p>\u201cStari grad ne treba da ostane star. Treba da bude pokreta\u010dka snaga. Ipak je Sarajevo krenulo iz Starog grada pa tako trebaju i te promjene u borbi za zadr\u017eavanje mladih. Naravno da nikada ne smijemo zaboraviti koliki su kapaciteti op\u0107ine i njene nadle\u017enosti\u201c, kazao je \u0160kalji\u0107.<\/p>\n\n\n\n<p>Porodica \u0160kalji\u0107 u Starom gradu ima veliko imanje, a Seid \u0160kalji\u0107 je kazao da je upravo na tom imanju stekao radne navike i osnovne vrijednosti koje su mu vodilja kroz \u017eivot i posao.<\/p>\n\n\n\n<p>\u201cVolim \u010desto u \u0161ali da ka\u017eem da je moj prvi poslodavac bio moj otac. Do unazad par godina smo imali i krave i razne \u017eivotinje na na\u0161em imanju. To je jedna obaveza. Dok su moji prijatelji \u010desto i\u0161li na more, ja sam kupio sijeno sa radnicima koji su radili na imanju. Odr\u017eavanje imanja i taj rad su mi usadili radne navike. Ja sam to radio uz oca, moj brat sada to radi sa mnom. Zajedno smo naslijedili te radne obaveze i zbog toga meni taj rad i posve\u0107enost nisu strani. I moj otac je tako u\u010dio preko svog oca, po kojem i nosim ima Seid\u201c, kazao je \u0160kalji\u0107.<\/p>\n\n\n\n<p>Podsje\u0107aju\u0107i kako je za vrijeme agrarne reforme porodica \u0160kalji\u0107 ostala bez velikog dijela imanja i poslovnih prostora, \u0160kalji\u0107 je kazao da njegov djed ni tada nije klonuo, ve\u0107 da se proglasio poljoprivrednikom kako bi zadr\u017eao dio imetka.<\/p>\n\n\n\n<p>Kada ga je otac u osmom razredu pitao \u0161ta \u017eeli za poklon, Seid je tra\u017eio motornu pilu, koju i danas koristi za odr\u017eavanje na imanju i tvrdi da mu se to \u010dinio logi\u010dniji izbor od bilo kakve igrice koje su u tom periodu bile popularne me\u0111u njegovim vr\u0161njacima.<\/p>\n\n\n\n<p>\u201cRoditelji su uzor djeci i naravno da djeca u najve\u0107oj mjeri opona\u0161aju roditelje. Me\u0111utim danas je pristup informacijama jako veliki i djeca \u010desto svoje poglede ka svijetu ne orijenti\u0161u prema svojim roditeljima, ve\u0107 gledaju\u0107i YouTube, influensere i sli\u010dno, ali u odre\u0111enom periodu se orijenti\u0161u i gledanjem na de\u0161avanja na politi\u010dkoj sceni\u201c, kazao je \u0160kalji\u0107.<\/p>\n\n\n\n<p>\u0160kalji\u0107 je dalje kazao kako mu smeta kada ga pitaju \u0161to mu je trebalo da ulazi u politiku jer u samom tom pitanju vidi pogre\u0161no postavljenu tezu koja implicira da to radi isklju\u010divo iz li\u010dnog interesa. Politiku ne vidi kao borbu za li\u010dne interese, ve\u0107 kao sredstvo ostvarenja interesa zajednice u kojoj je delegiran za to.<\/p>\n\n\n\n<p>Isti\u010du\u0107i kako &#8220;\u017eivimo u eri brzih tehnolo\u0161kih i drugih iskoraka&#8221;, \u0160kalji\u0107 tvrdi da osnovne vrijednosti i dalje ostaju, a da su to \u010destitost, po\u0161tenje i rad.<\/p>\n\n\n\n<p>\u0160kalji\u0107 je jedan od sedam vije\u0107nika koje je OV Stari Grad delegiralo u Gradsko vije\u0107e Grada Sarajeva, a o\u010dekuje se da Grad Sarajevo novo Gradsko vije\u0107e dobije u martu.<\/p>\n\n\n\n<p>\u201cZa mene to ima neku posebnu te\u017einu jer sada idem u jedno vije\u0107e, odnosno u jednu sredinu gdje je moj pradjed bio tre\u0107i gradona\u010delnik i za mene to predstavlja i veliku odgovornost, ali i zadovoljstvo i sre\u0107u\u201c, kazao je \u0160kalji\u0107 i dodao kako se sr\u017e njegovog djelovanja ne\u0107e mijenjati i da \u0107e to uvijek biti podr\u0161ka privredi i mladim ljudima.<\/p>\n\n\n\n<p>Agencije<\/p>\n","protected":false},"excerpt":{"rendered":"<p>Kao \u010dlan ugledne sarajevske porodice Seid \u0160kalji\u0107 uspje\u0161no vodi vlastitu firmu, a kao mlad se uklju\u010dio i u politiku da bi, kako ka\u017ee, mijenjao stvari i rje\u0161avao probleme koji ti\u0161te mlade poduzetnike. Vlastitu firmu 33-godi\u0161nji \u0160kalji\u0107 uspje\u0161no vodi ve\u0107 12 godina, a u tre\u0107em uzastopnom mandatu je i \u010dlan Op\u0107inskog vije\u0107a Stari Grad Sarajevo. Uskoro [&hellip;]<\/p>\n","protected":false},"author":59,"featured_media":24516,"comment_status":"closed","ping_status":"closed","sticky":false,"template":"","format":"standard","meta":{"inline_featured_image":false,"footnotes":""},"categories":[75],"tags":[],"class_list":{"0":"post-24515","1":"post","2":"type-post","3":"status-publish","4":"format-standard","5":"has-post-thumbnail","7":"category-intervju"},"acf":[],"_links":{"self":[{"href":"https:\/\/tvsensor.com\/api\/wp\/v2\/posts\/24515","targetHints":{"allow":["GET"]}}],"collection":[{"href":"https:\/\/tvsensor.com\/api\/wp\/v2\/posts"}],"about":[{"href":"https:\/\/tvsensor.com\/api\/wp\/v2\/types\/post"}],"author":[{"embeddable":true,"href":"https:\/\/tvsensor.com\/api\/wp\/v2\/users\/59"}],"replies":[{"embeddable":true,"href":"https:\/\/tvsensor.com\/api\/wp\/v2\/comments?post=24515"}],"version-history":[{"count":1,"href":"https:\/\/tvsensor.com\/api\/wp\/v2\/posts\/24515\/revisions"}],"predecessor-version":[{"id":24517,"href":"https:\/\/tvsensor.com\/api\/wp\/v2\/posts\/24515\/revisions\/24517"}],"wp:featuredmedia":[{"embeddable":true,"href":"https:\/\/tvsensor.com\/api\/wp\/v2\/media\/24516"}],"wp:attachment":[{"href":"https:\/\/tvsensor.com\/api\/wp\/v2\/media?parent=24515"}],"wp:term":[{"taxonomy":"category","embeddable":true,"href":"https:\/\/tvsensor.com\/api\/wp\/v2\/categories?post=24515"},{"taxonomy":"post_tag","embeddable":true,"href":"https:\/\/tvsensor.com\/api\/wp\/v2\/tags?post=24515"}],"curies":[{"name":"wp","href":"https:\/\/api.w.org\/{rel}","templated":true}]}}