{"id":24506,"date":"2021-03-02T13:01:41","date_gmt":"2021-03-02T12:01:41","guid":{"rendered":"https:\/\/senzor.ba\/?p=24506"},"modified":"2024-01-15T21:39:49","modified_gmt":"2024-01-15T20:39:49","slug":"lavrov-protiv-uvodjenja-covid-pasosa-u-eu","status":"publish","type":"post","link":"https:\/\/tvsensor.com\/clanak\/lavrov-protiv-uvodjenja-covid-pasosa-u-eu\/","title":{"rendered":"Lavrov protiv uvo\u0111enja COVID paso\u0161a u EU"},"content":{"rendered":"\n<p>&#8220;Ovo je, koliko razumijem, jo\u0161 uvijek ideja koja se razvija. Ona se, kako pi\u0161u va\u0161e kolege u Evropi, u evropskim zemljama do\u017eivljava dvosmisleno, a ova ideja briselske demokratije shvata se ozbiljno. I mnogi izra\u017eavaju sljede\u0107e razmatranje: ispada da je ta ideja u suprotnosti s pravilima birokracije, jer u zemljama EU postoji odluka da je vakcinacija dobrovoljna&#8221;, rekao je Lavrov na konferenciji za novinare nakon sastanka s uzbekistanskim ministrom vanjskih poslova.<\/p>\n\n\n\n<p>Prema njegovim rije\u010dima, ako se uvede &#8220;covid paso\u0161&#8221;, &#8220;to \u0107e biti u suprotnosti s principom dobrovoljnosti&#8221;. <\/p>\n\n\n\n<p>&#8220;To zna\u010di da \u0107e ljudi biti prisiljeni, ako se ljudi, naravno, \u017eele kretati, a u Evropi, bez kretanja izme\u0111u dr\u017eava \u010dlanica EU, stanovni\u0161tvo te\u0161ko mo\u017ee zamisliti svoj \u017eivot&#8221;, objasnio je ruski ministar.<\/p>\n\n\n\n<p>Ranije je \u0161efica EK Ursula von der Leyen napisala na Twitteru da Europska komisija planira u martu predstaviti nacrt zakona o elektronskoj putovnici, koji \u0107e omogu\u0107iti bilje\u017eenje vakcinacije, rezultate ispitivanja za COVID-19.<\/p>\n","protected":false},"excerpt":{"rendered":"<p>&#8220;Ovo je, koliko razumijem, jo\u0161 uvijek ideja koja se razvija. Ona se, kako pi\u0161u va\u0161e kolege u Evropi, u evropskim zemljama do\u017eivljava dvosmisleno, a ova ideja briselske demokratije shvata se ozbiljno. I mnogi izra\u017eavaju sljede\u0107e razmatranje: ispada da je ta ideja u suprotnosti s pravilima birokracije, jer u zemljama EU postoji odluka da je vakcinacija [&hellip;]<\/p>\n","protected":false},"author":59,"featured_media":24507,"comment_status":"closed","ping_status":"closed","sticky":false,"template":"","format":"standard","meta":{"inline_featured_image":false,"footnotes":""},"categories":[41],"tags":[],"class_list":{"0":"post-24506","1":"post","2":"type-post","3":"status-publish","4":"format-standard","5":"has-post-thumbnail","7":"category-svijet"},"acf":[],"_links":{"self":[{"href":"https:\/\/tvsensor.com\/api\/wp\/v2\/posts\/24506","targetHints":{"allow":["GET"]}}],"collection":[{"href":"https:\/\/tvsensor.com\/api\/wp\/v2\/posts"}],"about":[{"href":"https:\/\/tvsensor.com\/api\/wp\/v2\/types\/post"}],"author":[{"embeddable":true,"href":"https:\/\/tvsensor.com\/api\/wp\/v2\/users\/59"}],"replies":[{"embeddable":true,"href":"https:\/\/tvsensor.com\/api\/wp\/v2\/comments?post=24506"}],"version-history":[{"count":1,"href":"https:\/\/tvsensor.com\/api\/wp\/v2\/posts\/24506\/revisions"}],"predecessor-version":[{"id":24508,"href":"https:\/\/tvsensor.com\/api\/wp\/v2\/posts\/24506\/revisions\/24508"}],"wp:featuredmedia":[{"embeddable":true,"href":"https:\/\/tvsensor.com\/api\/wp\/v2\/media\/24507"}],"wp:attachment":[{"href":"https:\/\/tvsensor.com\/api\/wp\/v2\/media?parent=24506"}],"wp:term":[{"taxonomy":"category","embeddable":true,"href":"https:\/\/tvsensor.com\/api\/wp\/v2\/categories?post=24506"},{"taxonomy":"post_tag","embeddable":true,"href":"https:\/\/tvsensor.com\/api\/wp\/v2\/tags?post=24506"}],"curies":[{"name":"wp","href":"https:\/\/api.w.org\/{rel}","templated":true}]}}