{"id":245,"date":"2019-01-30T21:37:50","date_gmt":"2019-01-30T21:37:50","guid":{"rendered":"https:\/\/wh449638.ispot.cc\/?p=245"},"modified":"2024-01-15T21:50:23","modified_gmt":"2024-01-15T20:50:23","slug":"indeks-ekonomskih-sloboda-2019-blagi-napredak-bih","status":"publish","type":"post","link":"https:\/\/tvsensor.com\/clanak\/indeks-ekonomskih-sloboda-2019-blagi-napredak-bih\/","title":{"rendered":"Indeks ekonomskih sloboda (2019): Blagi napredak BiH"},"content":{"rendered":"\n<p>Prema najnovijim podacima o ekonomskim slobodama u svijetu, koje svake godine objavljuje&nbsp;<em><a href=\"https:\/\/www.heritage.org\/index\/pdf\/2019\/book\/index_2019.pdf\">The Heritage Foundation<\/a>,<\/em>&nbsp;Bosna i Hercegovina se nalazi na 83. mjestu, na listiod 180 zemalja svijeta.<\/p>\n\n\n\n<p>Ostvaren je izvjestan napredak u odnosu na pro\u0161lu godinu, kada je na\u0161a zemlja zauzimala 91. mjesto. Ukupna ocjena na\u0161e zemlje iznosi 61.9.<\/p>\n\n\n\n<p>Zemlje Balkana zauzimaju sljede\u0107e pozicije:<\/p>\n\n\n\n<p><strong><br>33.<\/strong>&nbsp;Makedonija 71.1<br><strong>51<\/strong>. Kosovo 67.0<br><strong>52.<\/strong>&nbsp;Albanija 66.5<br><strong>69.<\/strong>&nbsp;Srbija 63.9<br><strong>83.<\/strong>&nbsp;Bosna i Hercegovina 61.9<br><strong>86.<\/strong>&nbsp;Hrvatska 61.4<br><strong>92<\/strong>. Crna Gora 60.5<br>Bosna i Hercegovina je ostvarila porast od 0.5 poena sa pobolj\u0161anjem slobode rada i vladinim tro\u0161kovima, dok je zabilje\u017een pad u pogledu efikasnosti pravosu\u0111a i slobode trgovine. Bosna i Hercegovina se nalazi na 37. mjestu od 44 zemlje u Evropi. Ukupna ocjena je ispod regionalnog prosjeka i ne\u0161to malo iznad svjetskog prosjeka.<\/p>\n\n\n\n<p><br>Od 44 zemlje Evrope, iza Bosne i Hercegovine na listi su: Hrvatska, Crna Gora, Moldavija, Rusija, Bjelorusija, Gr\u010dka i Ukrajina.<\/p>\n\n\n\n<figure class=\"wp-block-image\"><a href=\"https:\/\/www.dialogos.ba\/wp-content\/uploads\/2019\/01\/ekonomske-slobode-u-evropi-2019.jpg\"><img decoding=\"async\" src=\"https:\/\/www.dialogos.ba\/wp-content\/uploads\/2019\/01\/ekonomske-slobode-u-evropi-2019.jpg\" alt=\"\" class=\"wp-image-9758\" \/><\/a><figcaption>Ekonomske slobode u Evropi (2019)<\/figcaption><\/figure>\n\n\n\n<p><strong><br>VLADAVINA PRAVA<\/strong><br>Registri imovine su u velikoj mjeri nepouzdani, \u010dine\u0107i transakcije sa zemlji\u0161tem osjetljivim u sporovima, na taj na\u010din stvaraju\u0107i velike prepreke razvoju tr\u017ei\u0161ta nekretnina i hipoteka. Pravosu\u0111e je i dalje podlo\u017eno politi\u010dkom utjecaju i optere\u0107eno je velikim brojem zaostalih predmeta.&nbsp;<strong>Neefikasnost, nesposobnost i korupcija su sveprisutni.<br>VELI\u010cINA VLADE<\/strong><br>Najve\u0107i porezi na prihode i dobit preduze\u0107a je 10%, ali razli\u010diti organi vlasti imaju razli\u010dite poreske politike. Ukupno poresko optere\u0107enje iznosi 37.0% ukupnog doma\u0107eg prihoda. Tokom protekle tri godine, vladina potro\u0161nja iznosila je 42.4% ukupnpog BDP-a zemlje, a bud\u017eetski suficiti su u prosjeku iznosili 0,7% BDP-a. Javni dug je ekvivalentan 41.0% BDP-a.<strong><br>REGULATORNA U\u010cINKOVITOST<\/strong><br>Regulatorna neefikasnost i dalje ugro\u017eava poslovno okru\u017eenje i ograni\u010dava privatne investicije potrebne za br\u017ei ekonomski rast. Dobijanje poslovnih dozvola i pokretanje biznisa i dalje podlije\u017eu birokratskim ka\u0161njenjima. Novousvojeni&nbsp;<em>Zakon o radu<\/em>&nbsp;ima za cilj da pove\u0107a fleksibilnost tr\u017ei\u0161ta rada. Vlada subvencioni\u0161e energetski sektor i odr\u017eava re\u017eim lo\u0161e ciljanih poljoprivrednih subvencija.<strong><br>OTVORENO TR\u017dI\u0160TE<\/strong><br>Ukupna vrijednost izvoza i uvoza iznosi 86.9% BDP-a. Prosje\u010dna tarifna stopa iznosi 1.2%. Vladina slu\u017ebena politika je da tretira strane i doma\u0107e investitore podjednako u skladu sa zakonom. Banke u stranom vlasni\u0161tvu \u010dine preko 80% bankarskih aktivnosti. Oko 63% odraslih Bosanaca i Hercegovaca ima ra\u010dun u nekoj od bankarskih institucija, stoji u izvje\u0161taju&nbsp;<em>The Heritage Foundation<\/em>.<br>Pi\u0161e: Resul Mehmedovi\u0107<\/p>\n","protected":false},"excerpt":{"rendered":"<p>Prema najnovijim podacima o ekonomskim slobodama u svijetu, koje svake godine objavljuje&nbsp;The Heritage Foundation,&nbsp;Bosna i Hercegovina se nalazi na 83. mjestu, na listiod 180 zemalja svijeta. Ostvaren je izvjestan napredak u odnosu na pro\u0161lu godinu, kada je na\u0161a zemlja zauzimala 91. mjesto. Ukupna ocjena na\u0161e zemlje iznosi 61.9. Zemlje Balkana zauzimaju sljede\u0107e pozicije: 33.&nbsp;Makedonija 71.151. [&hellip;]<\/p>\n","protected":false},"author":59,"featured_media":247,"comment_status":"open","ping_status":"closed","sticky":false,"template":"","format":"standard","meta":{"inline_featured_image":false,"footnotes":""},"categories":[40,41,37,38],"tags":[],"class_list":{"0":"post-245","1":"post","2":"type-post","3":"status-publish","4":"format-standard","5":"has-post-thumbnail","7":"category-region","8":"category-svijet","9":"category-vijesti","10":"category-vijesti-iz-bih"},"acf":[],"_links":{"self":[{"href":"https:\/\/tvsensor.com\/api\/wp\/v2\/posts\/245","targetHints":{"allow":["GET"]}}],"collection":[{"href":"https:\/\/tvsensor.com\/api\/wp\/v2\/posts"}],"about":[{"href":"https:\/\/tvsensor.com\/api\/wp\/v2\/types\/post"}],"author":[{"embeddable":true,"href":"https:\/\/tvsensor.com\/api\/wp\/v2\/users\/59"}],"replies":[{"embeddable":true,"href":"https:\/\/tvsensor.com\/api\/wp\/v2\/comments?post=245"}],"version-history":[{"count":1,"href":"https:\/\/tvsensor.com\/api\/wp\/v2\/posts\/245\/revisions"}],"predecessor-version":[{"id":248,"href":"https:\/\/tvsensor.com\/api\/wp\/v2\/posts\/245\/revisions\/248"}],"wp:featuredmedia":[{"embeddable":true,"href":"https:\/\/tvsensor.com\/api\/wp\/v2\/media\/247"}],"wp:attachment":[{"href":"https:\/\/tvsensor.com\/api\/wp\/v2\/media?parent=245"}],"wp:term":[{"taxonomy":"category","embeddable":true,"href":"https:\/\/tvsensor.com\/api\/wp\/v2\/categories?post=245"},{"taxonomy":"post_tag","embeddable":true,"href":"https:\/\/tvsensor.com\/api\/wp\/v2\/tags?post=245"}],"curies":[{"name":"wp","href":"https:\/\/api.w.org\/{rel}","templated":true}]}}