{"id":24497,"date":"2021-03-02T10:51:04","date_gmt":"2021-03-02T09:51:04","guid":{"rendered":"https:\/\/senzor.ba\/?p=24497"},"modified":"2024-01-15T21:39:49","modified_gmt":"2024-01-15T20:39:49","slug":"francuski-mediji-kraj-supermarketa-i-osveta-seoskih-prodavnica","status":"publish","type":"post","link":"https:\/\/tvsensor.com\/clanak\/francuski-mediji-kraj-supermarketa-i-osveta-seoskih-prodavnica\/","title":{"rendered":"Francuski mediji: Kraj supermarketa i osveta seoskih prodavnica"},"content":{"rendered":"\n<p>Ono \u0161to je do ju\u010de izgledalo nemogu\u0107e, zbog epidemije je postalo mogu\u0107e. Stanovni\u0161tvo napu\u0161ta skupe i zaga\u0111ene gradove i otkriva lijepe i korisne strane \u017eivota na selu.<\/p>\n\n\n\n<p>Ako ve\u0107 treba da se radi putem interneta za\u0161to sjediti u centru Pariza gde iznajmljivanje garsonjere ko\u0161ta vi\u0161e nego iznajmljivanje ogromne ku\u0107e sa ba\u0161tom i vo\u0107njakom i okolnim terenom u centralnoj Francuskoj. Sve to na svje\u017eem vazduhu.<\/p>\n\n\n\n<p>Pariski dnevnik\u00a0<em>Le Monde<\/em>\u00a0objavljuje poeti\u010dnu reporta\u017eu pod naslovom: \u201c\u010cak i sa skromnom platom ovdje mo\u017eete ne\u0161to da uradite: Osveta seoskih prodavnica u Cevennesu i Aubracu (centralna Francuska)\u201d.<\/p>\n\n\n\n<p>Reporter ovog lista sjeo je u kamion preduze\u0107a Magne koji i po snjegu i ledu prevozi robu za seosku prodavnicu u Sainte-Croix-Vallee-Fran\u00e7aise gde \u017eive 272 stanovnika.<\/p>\n\n\n\n<h2 class=\"wp-block-heading\" id=\"h-ta-tra-ite-u-toj-zabiti\">\u2018\u0160ta tra\u017eite u toj zabiti?\u2019<\/h2>\n\n\n\n<p>\u201cKamion je zamalo skliznuo na krivini, uspio ipak da zadr\u017ei pravac i zaustavio se uz rijeku, jo\u0161 uvek podrhtavaju\u0107i od neravnog puta. Tek \u0161to je svanulo. U mraku se nazire drve\u0107e \u010dije su grane ote\u017eale od snjega, presijava se led na putu. Naslonjeni na ogradu malog mosta, dva mu\u0161karca razgovaraju o kestenju i kozama \/\u2026 \/ Evo nas, stigli smo. Zidovi prodavnice su bjeli, iznad polica sa sirom citat Voltairea: Odlu\u010dio sam da budem sre\u0107an jer je to dobro za zdravlje. Pored povr\u0107a smje\u0161i se jedna (statua) Bude. Ispred vrata neko istovara drvo u granuloma\u201d.<\/p>\n\n\n\n<p>\u010citaoc saznaje da su vlasnici Marisa i David kupili ovu seosku prodavnicu prije pet godina. Ona je radila u supermarketu, a on je dr\u017eao restoran. Oboje su bili razvedeni i \u017eeljeli da po\u010dnu novi \u017eivot. Kupili su malu seosku prodavnicu mje\u0161ovite robe \u2013 iako je tada svim preduzetnicima savjetovano da otvore start-up\u00a0 \u2013 internet firmu! Marisa ka\u017ee da je njena porodica u \u010dudu pitala: \u201c\u0160ta tra\u017eite u toj zabiti?\u201d.<\/p>\n\n\n\n<p>Pierre Bonnefoy, vlasnik prevozni\u010dkog preduze\u0107a Magne ka\u017ee da nijedna banka prije deset godina ne bi dala podr\u0161ku poslovnom planu kakav je bio njegov \u2013 snabdjevati prehrambenim proizvodima 300 malih prodavnica u regionu Haute-Loire, l\u2019Aveyron ili Lozere.<\/p>\n\n\n\n<p>\u201cNismo popu\u0161tali uprkos te\u0161ko\u0107ama i nastavili smo da prevozimo robu tamo gde niko vi\u0161e nije htio da ide\u201d, ka\u017ee.<\/p>\n\n\n\n<p>Danas, porodi\u010dno prevozni\u010dko preduze\u0107e Magne isporu\u010duje robu za 450 malih prodavnica mje\u0161ovite robe. Vrijednost njegovog obrta za posljednje tri godine pove\u0107ala se sa 16 na 23 miliona eura. Posao napreduje u do ju\u010de zabitim i zaboravljenim selima.<\/p>\n\n\n\n<h2 class=\"wp-block-heading\" id=\"h-pristizali-kao-izbjeglice\">Pristizali kao izbjeglice<\/h2>\n\n\n\n<p>Reporter pariskog dnevnika konstatuje da je te\u0161ko davati prognoze ali da je o\u010digledno da u Francuskoj vidimo povratak malih prodavnica mje\u0161ovite robe. To je posledica sve u\u010destalijih migracija iz gradova u seoske sredine.<\/p>\n\n\n\n<p>\u201cSvaka kriza poja\u010davala je ovaj proces (migracija): Finansijska kriza 2008. godine, zatim atentati 2015. godine. Sada je pandemija ta koja je ubrzala (napu\u0161tanje gradova)\u201d, pi\u0161e&nbsp;<em>Le Monde<\/em>.<\/p>\n\n\n\n<p>Reporter opisuje kako je kamion firme Magne, \u201cpo asfaltiranom krivudavom putu obje\u0161enom iznad provalije\u201d, zatim stigao do sela Plantiers, dvadesetak kilometara daleko od Saint-Croixa. U ovom selu \u017eivi 259 stanovnika, a u okolini su zaseoci napu\u0161teni \u0161ezdesetih i sedamdesetih godina.<\/p>\n\n\n\n<p>Ve\u0107 pre godinu dana kada je po\u010dela epidemija i prve mere \u201czaklju\u010davanja\u201d u Plantiers su po\u010deli da sti\u017eu automobili sa svih strana, sa prtljagom na krovu, \u201ckao da su izbeglice\u201d. Ljeto je bilo nevjerovatno\u00a0\u2013 kamping i hoteli prepuni kao nikada do sada, posjetioci odu\u0161evljeni.<\/p>\n\n\n\n<p>\u201cVidjeli smo vas na televiziji \u2013 kakav vazduh, kakve rijeke \u2013 \u00a0i nema virusa\u201d, govorili su.<\/p>\n\n\n\n<p>Do\u0161ljaka koji kupuju ku\u0107e i zemlji\u0161te sve je vi\u0161e. Jedna medicinska sestra iz Montpelliera, jedan vaspita\u010d u penziji iz grada Valans, jedan kerami\u010dar sa suprugom koji je prvi put bio pla\u0107en \u2013 ne novcem \u2013 ve\u0107 \u017eivim koko\u0161kama i povr\u0107em. Jedna \u201cdevojka iz grada\u201d &nbsp;bila je zavisna od Facebooka i dru\u0161tvenih mre\u017ea i sada se toga oslobodila.<\/p>\n\n\n\n<p>Ka\u017eu da ovo nije uporedivo sa hipicima iz sedamdesetih godina pro\u0161log vijeka koji su napu\u0161tali sistem.<\/p>\n\n\n\n<p>\u201cNa\u0161 slu\u010daj je obrnut, sistem je napustio nas\u201d, obja\u0161njavaju sagovornici reportera dnevnika Le Monde.<\/p>\n\n\n\n<h2 class=\"wp-block-heading\" id=\"h-kriza-za-poljoprivrednike\">Kriza za poljoprivrednike<\/h2>\n\n\n\n<p>Ekonomski dnevnik\u00a0<em>Les Ecos<\/em>\u00a0donosi tekst naslovljen pitanjem: \u201cZa\u0161to su cijene poljoprivrednih proizvoda sko\u010dile?\u201d.<\/p>\n\n\n\n<p>\u201cSoja, \u017eito, kukuruz, pirina\u010d\u2026cijene poljoprivrednih sirovina dostigle su najve\u0107i nivo koji smo vidjeli poslednjih godina. Cijene su ovoliko sko\u010dile zbog toga \u0161to Kina masovno kupuje. Kriza (transportnih) kontejnera, nedostatak radne snage na planta\u017eama palmi, takse na izvoz ruskog \u017eita \u2013 sve ovo tako\u0111e uti\u010de na pove\u0107anje cijena\u201d, pi\u0161e\u00a0<em>Les Ecos<\/em>.<\/p>\n\n\n\n<p>\u201cOvo situacija na tr\u017ei\u0161tima ima direktne posledice po bud\u017eet potro\u0161a\u010da koji vide da su u supermarketima cijene sve ve\u0107e\u201d, zaklju\u010duje autor \u010dlanka u<em>\u00a0Les Ecos<\/em>.<\/p>\n\n\n\n<p>Ne \u010dudi zato \u0161to \u0161to su na Zapadu francuske poljoprivrednici u znak protesta ispred lokalnih supermarketa prosuli poljoprivredne otpatke.<\/p>\n\n\n\n<p>Lokalni dnevnik<em>\u00a0L\u2019Ouest-France<\/em>\u00a0izvje\u0161tava da je to bila akcija sindikata Mladi poljoprivrednici koji ovih dana pregovara sa lancima supermarketa o cijenama otkupa.<\/p>\n\n\n\n<p>\u201cMnogi mladi poljoprivrednici ne znaju da li \u0107e imati dovoljno novca da pre\u017eive\u201d, ka\u017ee Thibault Le Masle, predsjednik ovog sindikata.<\/p>\n\n\n\n<p>Isabelle Bouyer, iz asocijacije ATD-Quart monde koja se ve\u0107 \u0161est decenija bori protiv krajnjeg siroma\u0161tva u 30 zemalja sveta, ka\u017ee za Liberation da je problem u tome \u201c\u0161to dr\u017eave poku\u0161avaju da upravljaju siroma\u0161tvom umesto da se bore protiv njega\u201d.<\/p>\n\n\n\n<p>\u201cEksplozija siroma\u0161tva, to je ne\u0161to \u0161to objektivno postoji i mo\u017ee da se izrazi brojevima. Danas je u Francuskoj 300 hiljada ljudi na ulici. Tome treba dodati nevidljivo siroma\u0161tvo \u2013 dva miliona ljudi \u017eivi od prihoda koji su na nivou 40 posto od prosje\u010dne plate (660 eura po mese\u010dno), u velikom siroma\u0161tvu. Termin humanitarna kriza \u2013 odgovara ovoj situaciji \u201d, ka\u017ee Isabelle Bouyer za\u00a0<em>Liberation<\/em>.<\/p>\n\n\n\n<h2 class=\"wp-block-heading\" id=\"h-uvesti-univerzalni-prihod\">\u2018Uvesti univerzalni prihod\u2019<\/h2>\n\n\n\n<p>Na pitanje \u0161ta predla\u017ee kao re\u0161enje, ona odgovara: \u201cTreba uvesti jedan univerzalni prihod za sve gra\u0111ane starije od 18 godina koji bi bio dovoljan da obezbjedi normalan \u017eivot i pokrije sve osnovne potrebe\u201d.<\/p>\n\n\n\n<p>Isabelle Bouyer pokazuje da novca ima dovoljno i da dr\u017eava mnogo tro\u0161i poma\u017eu\u0107i nevladine organizacije za prehrambenu pomo\u0107, za sme\u0161taj siroma\u0161nih, pla\u0107aju\u0107i hotelski sme\u0161taj itd.<\/p>\n\n\n\n<p>\u201cZa\u0161to taj novac ne bi bio druga\u010dije upotrebljen? Za\u0161to ne bi bili izgra\u0111eni stanovi za trajni sme\u0161taj dostupni siroma\u0161nim ljudima?\u201d, pita ona.<\/p>\n\n\n\n<p>\u201cIzvu\u0107i ljude iz bijede zna\u010di i napraviti velike u\u0161tede za dr\u017eavu\u00a0\u2013 smanjili bi se zdravstveni tro\u0161kovi jer bijeda donosi bolest. Djeca ne bi bila odvajana od siroma\u0161nih roditelja koji ne mogu da ih izdr\u017eavaju i hraniteljske porodice ne bi bile pla\u0107ane!\u201d, ka\u017ee Isabelle Bouyer zaklju\u010duju\u0107i da je mogu\u0107e iza\u0107i iz bijede \u010dak i ako je dugogodi\u0161nja. Po njoj potrebna je politi\u010dka volja.<\/p>\n\n\n\n<p>\u201cVlada ne mo\u017ee ni da zamisli osje\u0107anje srama i poni\u017eenja (onih koji primaju prehrambenu pomo\u0107), njihov stalni stres zbog toga \u0161to nikada nije izvesno da li \u0107e jesti, da li \u0107e uspeti da plate stanarinu\u201d.<\/p>\n\n\n\n<p>IZVOR:&nbsp;AL JAZEERA<\/p>\n","protected":false},"excerpt":{"rendered":"<p>Ono \u0161to je do ju\u010de izgledalo nemogu\u0107e, zbog epidemije je postalo mogu\u0107e. Stanovni\u0161tvo napu\u0161ta skupe i zaga\u0111ene gradove i otkriva lijepe i korisne strane \u017eivota na selu. Ako ve\u0107 treba da se radi putem interneta za\u0161to sjediti u centru Pariza gde iznajmljivanje garsonjere ko\u0161ta vi\u0161e nego iznajmljivanje ogromne ku\u0107e sa ba\u0161tom i vo\u0107njakom i okolnim [&hellip;]<\/p>\n","protected":false},"author":59,"featured_media":24501,"comment_status":"closed","ping_status":"closed","sticky":false,"template":"","format":"standard","meta":{"inline_featured_image":false,"footnotes":""},"categories":[41],"tags":[],"class_list":{"0":"post-24497","1":"post","2":"type-post","3":"status-publish","4":"format-standard","5":"has-post-thumbnail","7":"category-svijet"},"acf":[],"_links":{"self":[{"href":"https:\/\/tvsensor.com\/api\/wp\/v2\/posts\/24497","targetHints":{"allow":["GET"]}}],"collection":[{"href":"https:\/\/tvsensor.com\/api\/wp\/v2\/posts"}],"about":[{"href":"https:\/\/tvsensor.com\/api\/wp\/v2\/types\/post"}],"author":[{"embeddable":true,"href":"https:\/\/tvsensor.com\/api\/wp\/v2\/users\/59"}],"replies":[{"embeddable":true,"href":"https:\/\/tvsensor.com\/api\/wp\/v2\/comments?post=24497"}],"version-history":[{"count":2,"href":"https:\/\/tvsensor.com\/api\/wp\/v2\/posts\/24497\/revisions"}],"predecessor-version":[{"id":24502,"href":"https:\/\/tvsensor.com\/api\/wp\/v2\/posts\/24497\/revisions\/24502"}],"wp:featuredmedia":[{"embeddable":true,"href":"https:\/\/tvsensor.com\/api\/wp\/v2\/media\/24501"}],"wp:attachment":[{"href":"https:\/\/tvsensor.com\/api\/wp\/v2\/media?parent=24497"}],"wp:term":[{"taxonomy":"category","embeddable":true,"href":"https:\/\/tvsensor.com\/api\/wp\/v2\/categories?post=24497"},{"taxonomy":"post_tag","embeddable":true,"href":"https:\/\/tvsensor.com\/api\/wp\/v2\/tags?post=24497"}],"curies":[{"name":"wp","href":"https:\/\/api.w.org\/{rel}","templated":true}]}}