{"id":24485,"date":"2021-03-02T09:01:11","date_gmt":"2021-03-02T08:01:11","guid":{"rendered":"https:\/\/senzor.ba\/?p=24485"},"modified":"2024-01-15T21:39:50","modified_gmt":"2024-01-15T20:39:50","slug":"pogledajte-kako-je-stevandic-pobjegao-iz-emisije-o-danu-nezavisnosti-bih","status":"publish","type":"post","link":"https:\/\/tvsensor.com\/clanak\/pogledajte-kako-je-stevandic-pobjegao-iz-emisije-o-danu-nezavisnosti-bih\/","title":{"rendered":"Pogledajte kako je Stevandi\u0107 pobjegao iz emisije o Danu nezavisnosti BiH"},"content":{"rendered":"\n<p><strong>Dan nezavisnosti Bosna i Hercegovina&nbsp;<\/strong>bio je tema emisije<strong>&nbsp;&#8220;Plenum&#8221; na FTV-u<\/strong>&nbsp;u kojoj su gosti<strong>&nbsp;akademik Suad Kurt\u0107ehaji\u0107 i Nenad Stevandi\u0107.<\/strong><\/p>\n\n\n\n<p>Bosna je pre\u017eivjela&nbsp;<strong>Osmansko carstvo, Austro-Ugarsko carstvo, SHS, KSHS, Jugoslaviju<\/strong>&nbsp;i opstat \u0107e, poru\u010dio je Kurt\u0107ehaji\u0107.<\/p>\n\n\n\n<p>Tokom gostovanja\u00a0<strong>Akademika<\/strong>, zastupnik u Parlamentarnoj skup\u0161tini Bosne i Hercegovine\u00a0imao je \u010deste primjedbe, \u0161to je na kraju rezultiralo, na op\u0107e iznena\u0111enje, napu\u0161tanjem studija usred emisije.<\/p>\n\n\n\n<iframe loading=\"lazy\" src=\"https:\/\/www.facebook.com\/plugins\/video.php?height=314&amp;href=https%3A%2F%2Fwww.facebook.com%2Fsenzornews%2Fvideos%2F259212815754671%2F&amp;show_text=false&amp;width=560\" width=\"560\" height=\"314\" style=\"border:none;overflow:hidden\" scrolling=\"no\" frameborder=\"0\" allowfullscreen=\"true\" allow=\"autoplay; clipboard-write; encrypted-media; picture-in-picture; web-share\"><\/iframe>\n\n\n\n<p>Nekulturnom Stevandi\u0107u se nije dopalo to \u0161to su Bo\u0161njaci opstali jer imaju &#8220;<strong>jako korijenje na evropskom tlu&#8221;, kako je govorio akademik Kurt\u010dehaji\u0107.<\/strong><\/p>\n\n\n\n<p>&#8220;<strong>Name\u0107e nam se pri\u010da da je Republika Srpska ne\u0161to \u0161to je trajno<\/strong>. Ona je zaista instalirana u Daytonu, ali Bo\u0161njaci moraju shvatiti da tada nije bilo presude za genocid, to nije mala stvar.&nbsp;<strong>Ne mo\u017eete o\u010dekivati da izvr\u0161ite genocid i pona\u0161ati se kao da presuda ne postoji<\/strong>. Mora se dobiti mi\u0161ljenje Savjetodavnog suda da li je postojanje RS-a protivno me\u0111unarodnom pravu\u201d, zaklju\u010dio je Kurt\u0107ehaji\u0107.<\/p>\n\n\n\n<p>Uslijedila je \u017eustra raspava o historiji, te stradanjima Srba u Sarajevu.<\/p>\n\n\n\n<p>Stevandi\u0107 je zatim kazao &#8220;<strong>kako je u Sarajevu pobijeno vi\u0161e Srba nego Bo\u0161njaka u Srebrenici<\/strong>&#8220;, te da je&nbsp;<strong>Stefan Nemanja bio srpski kralj iako je kr\u0161ten u katoli\u010dkoj crkvi, ali je primio pravoslavlje<\/strong>.<\/p>\n\n\n\n<p>Kurt\u0107ehaji\u0107 je poku\u0161ao ispraviti Stevandi\u0107a, kazav\u0161i kako&nbsp;<strong>Nemanja nije bio kralj nego njegov sin<\/strong>, te dodao da&nbsp;<strong>Stevandi\u0107 ne poznaje srpsku historiju.<\/strong><\/p>\n\n\n\n<p>Sve to je&nbsp;<strong>izrevoltiralo Stevandi\u0107a<\/strong>, koji je ljutito napustio emisiju.<\/p>\n\n\n\n<p>Cijelu emisiju mo\u017eete pogledati u nastavku.<\/p>\n\n\n\n<figure class=\"wp-block-embed is-type-video is-provider-youtube wp-block-embed-youtube wp-embed-aspect-16-9 wp-has-aspect-ratio\"><div class=\"wp-block-embed__wrapper\">\n<iframe loading=\"lazy\" title=\"Plenum, 01.03.2021.\" width=\"696\" height=\"392\" src=\"https:\/\/www.youtube.com\/embed\/5HLPYeGFLNI?feature=oembed\" frameborder=\"0\" allow=\"accelerometer; autoplay; clipboard-write; encrypted-media; gyroscope; picture-in-picture\" allowfullscreen><\/iframe>\n<\/div><\/figure>\n","protected":false},"excerpt":{"rendered":"<p>Dan nezavisnosti Bosna i Hercegovina&nbsp;bio je tema emisije&nbsp;&#8220;Plenum&#8221; na FTV-u&nbsp;u kojoj su gosti&nbsp;akademik Suad Kurt\u0107ehaji\u0107 i Nenad Stevandi\u0107. Bosna je pre\u017eivjela&nbsp;Osmansko carstvo, Austro-Ugarsko carstvo, SHS, KSHS, Jugoslaviju&nbsp;i opstat \u0107e, poru\u010dio je Kurt\u0107ehaji\u0107. Tokom gostovanja\u00a0Akademika, zastupnik u Parlamentarnoj skup\u0161tini Bosne i Hercegovine\u00a0imao je \u010deste primjedbe, \u0161to je na kraju rezultiralo, na op\u0107e iznena\u0111enje, napu\u0161tanjem studija usred [&hellip;]<\/p>\n","protected":false},"author":59,"featured_media":24486,"comment_status":"closed","ping_status":"closed","sticky":false,"template":"","format":"standard","meta":{"inline_featured_image":false,"footnotes":""},"categories":[47],"tags":[],"class_list":{"0":"post-24485","1":"post","2":"type-post","3":"status-publish","4":"format-standard","5":"has-post-thumbnail","7":"category-historija"},"acf":[],"_links":{"self":[{"href":"https:\/\/tvsensor.com\/api\/wp\/v2\/posts\/24485","targetHints":{"allow":["GET"]}}],"collection":[{"href":"https:\/\/tvsensor.com\/api\/wp\/v2\/posts"}],"about":[{"href":"https:\/\/tvsensor.com\/api\/wp\/v2\/types\/post"}],"author":[{"embeddable":true,"href":"https:\/\/tvsensor.com\/api\/wp\/v2\/users\/59"}],"replies":[{"embeddable":true,"href":"https:\/\/tvsensor.com\/api\/wp\/v2\/comments?post=24485"}],"version-history":[{"count":2,"href":"https:\/\/tvsensor.com\/api\/wp\/v2\/posts\/24485\/revisions"}],"predecessor-version":[{"id":27966,"href":"https:\/\/tvsensor.com\/api\/wp\/v2\/posts\/24485\/revisions\/27966"}],"wp:featuredmedia":[{"embeddable":true,"href":"https:\/\/tvsensor.com\/api\/wp\/v2\/media\/24486"}],"wp:attachment":[{"href":"https:\/\/tvsensor.com\/api\/wp\/v2\/media?parent=24485"}],"wp:term":[{"taxonomy":"category","embeddable":true,"href":"https:\/\/tvsensor.com\/api\/wp\/v2\/categories?post=24485"},{"taxonomy":"post_tag","embeddable":true,"href":"https:\/\/tvsensor.com\/api\/wp\/v2\/tags?post=24485"}],"curies":[{"name":"wp","href":"https:\/\/api.w.org\/{rel}","templated":true}]}}