{"id":24475,"date":"2021-03-02T08:26:41","date_gmt":"2021-03-02T07:26:41","guid":{"rendered":"https:\/\/senzor.ba\/?p=24475"},"modified":"2024-01-15T21:39:51","modified_gmt":"2024-01-15T20:39:51","slug":"komsic-drzava-bih-ce-sigurno-opstati-zajedno-cemo-mnogo-brze-doci-do-bih-kakvu-sanjamo","status":"publish","type":"post","link":"https:\/\/tvsensor.com\/clanak\/komsic-drzava-bih-ce-sigurno-opstati-zajedno-cemo-mnogo-brze-doci-do-bih-kakvu-sanjamo\/","title":{"rendered":"Kom\u0161i\u0107: Dr\u017eava BiH \u0107e sigurno opstati, zajedno \u0107emo mnogo br\u017ee do\u0107i do BiH kakvu sanjamo"},"content":{"rendered":"\n<p>\u010clan Predsjedni\u0161tva Bosne i Hercegovine \u017deljko Kom\u0161i\u0107 poru\u010dio je na sve\u010danoj akademiji povodom 1. marta, Dana nezavisnosti BiH, kako je potrebno nastaviti borbu za integritet i opstojnost BiH, te kako tu\u0111e vizije i tu\u0111e interpretacije onoga kroz \u0161to su BiH i njeni gra\u0111ani pro\u0161li vi\u0161e nisu bitne, bitne su \u010dinjenice i presude, javlja Anadolu Agency (AA).<\/p>\n\n\n\n<p>U Narodnom pozori\u0161tu u Sarajevu ve\u010deras je uprili\u010dena sve\u010dana akademija povodom 1. marta, Dana nezavisnosti Bosne i Hercegovine, u organizaciji Fondacije &#8220;Alija Izetbegovi\u0107\u201d, pod pokroviteljstvom \u010dlana Predsjedni\u0161tva BiH \u0160efika D\u017eaferovi\u0107a.<\/p>\n\n\n\n<p>Akademija je po\u010dela izvedbom dr\u017eavne himne BiH, a prisutni su se prisjetili svih gra\u0111anki i gra\u0111ana Bosne i Hercegovine, koji su tokom agresije na zemlju polo\u017eili svoje \u017eivote i osigurali njen opstanak.<\/p>\n\n\n\n<p>\u010clan Predsjedni\u0161tva BiH \u017deljko Kom\u0161i\u0107 u obra\u0107anju je podsjetio kako smo na dana\u0161nji dan prije 29 godina svjedo\u010dili historijskom doga\u0111aju kada je voljom ve\u0107ine svojih gra\u0111ana BiH postala nezavisna dr\u017eava.<\/p>\n\n\n\n<p>&#8220;BiH nam tada nije poklonjena, nego je uz najve\u0107a mogu\u0107a odricanja, zapravo zara\u0111ena. Pored svih te\u0161ko\u0107a s kojima se susre\u0107emo, uz sve aktuelne probleme, mi se moramo nastaviti boriti za njen integritet i opstojnost\u201d, rekao je Kom\u0161i\u0107, te dodao:<\/p>\n\n\n\n<p>\u201cPrije 29 godina smo se za opstanak na\u0161e dr\u017eave borili protiv tenkova i topova. U toj borbi smo i pobijedili, ali danas su napadi podmukliji, te\u017ei za primijetiti. Imamo posla sa jednom drugog formom, za\u0161to i to ne re\u0107i, rata, u kojem se BiH uni\u0161tava strate\u0161ki kroz napade na njene institucije\u201d.<\/p>\n\n\n\n<p>Prema rije\u010dima Kom\u0161i\u0107a, nekada je bio cilj opkoliti jedan grad, napraviti \u017eivot nemogu\u0107im, natjerati gra\u0111ane da odustanu od svoje dr\u017eave. Danas, kako je kazao, cilj je opkoliti institucije, blokirati osnovne funkcije dr\u017eave a opet kako bi gra\u0111ane demotivirali i natjerali da odustanu od dr\u017eave.<\/p>\n\n\n\n<p>\u201cDr\u017eava BiH \u0107e sigurno opstati, u toj borbi \u0107emo pre\u017eivjeti jo\u0161 mnogo padova i te\u0161kih trenutaka, ali ako poka\u017eemo strpljenje i snagu, ako budemo radili zajedno mnogo br\u017ee \u0107emo do\u0107i do BiH koju i kakvu sanjamo\u201d, naveo je Kom\u0161i\u0107, te nastavio:<\/p>\n\n\n\n<p>\u201cKoristim priliku da vas na ovaj veliki praznik pozovem da se okrenemo jedni drugima, da ne poku\u0161avamo tra\u017eiti razumijevanje od onih koji ovu dr\u017eavu i ne vole, da ne tra\u017eimo zajedni\u010dki jezik s onima koji bi da nas razdvajaju, koji bi da nam jedan \u010dovjek vrijedi vi\u0161e od drugog, ve\u0107 da se okrenemo dijalogu izme\u0111u nas, koji vjerujemo u ovu zemlju i dr\u017eavu, volimo je i \u017eelimo u njoj \u017eivjeti kao sav normalan svijet, a prije svega kao jednakopravni gra\u0111ani.\u201d<\/p>\n\n\n\n<p>Tu\u0111e vizije, kao ni tu\u0111e interpretacije onoga kroz \u0161to su BiH i njeni gra\u0111ani pro\u0161li vi\u0161e nisu bitne. Bitne su \u010dinjenice i presude, podvukao je Kom\u0161i\u0107.<\/p>\n\n\n\n<p>\u201cTu\u0111e \u017eelje o tome \u0161ta treba da bude sa na\u0161om domovinom vi\u0161e nisu va\u017ene. Va\u017ene su na\u0161e vizije i \u017eelje, va\u017eno je da mi koji volimo BiH i \u017eelimo dru\u0161tvo jednakih gra\u0111ana, u kojoj svi imaju jednake \u0161anse prona\u0111emo zajedni\u010dki jezik koji nas spaja mnogo vi\u0161e od onoga \u0161to nas naizgled razdvaja\u201d, istakao je Kom\u0161i\u0107, te zaklju\u010dio:<\/p>\n\n\n\n<p>\u201cSve na\u0161e razlike su manje va\u017ene od onoga \u0161to nam je zajedni\u010dko, a to je da vjerujemo u ovaj komadi\u0107 zemlje za kojeg smo se borili i izborili, da osje\u0107amo da je ovaj komadi\u0107 na\u0161, koliki god bio i koliko god mali u ne\u010dim o\u010dima bio. Zajedno, bez obzira na ono \u0161to nas razdvaja, mo\u017eemo na ovoj bosanskoj i hercegova\u010dkoj zemlji napraviti dr\u017eavu slobodnih ljudi i jednakih gra\u0111ana. Gra\u0111ansku dr\u017eavu u kojoj svi ljudi, bez obzira na svoje razlike, mogu \u017eivjeti slobodni, ponosni na svoju domovinu i dr\u017eavu. Ja u to duboko i iskreno vjerujem da \u0107emo u toj borbi za gra\u0111ansku BiH kad tad pobijediti i da taj dan nije daleko\u201d.<\/p>\n","protected":false},"excerpt":{"rendered":"<p>\u010clan Predsjedni\u0161tva Bosne i Hercegovine \u017deljko Kom\u0161i\u0107 poru\u010dio je na sve\u010danoj akademiji povodom 1. marta, Dana nezavisnosti BiH, kako je potrebno nastaviti borbu za integritet i opstojnost BiH, te kako tu\u0111e vizije i tu\u0111e interpretacije onoga kroz \u0161to su BiH i njeni gra\u0111ani pro\u0161li vi\u0161e nisu bitne, bitne su \u010dinjenice i presude, javlja Anadolu Agency [&hellip;]<\/p>\n","protected":false},"author":59,"featured_media":24476,"comment_status":"closed","ping_status":"closed","sticky":false,"template":"","format":"standard","meta":{"inline_featured_image":false,"footnotes":""},"categories":[38],"tags":[],"class_list":{"0":"post-24475","1":"post","2":"type-post","3":"status-publish","4":"format-standard","5":"has-post-thumbnail","7":"category-vijesti-iz-bih"},"acf":[],"_links":{"self":[{"href":"https:\/\/tvsensor.com\/api\/wp\/v2\/posts\/24475","targetHints":{"allow":["GET"]}}],"collection":[{"href":"https:\/\/tvsensor.com\/api\/wp\/v2\/posts"}],"about":[{"href":"https:\/\/tvsensor.com\/api\/wp\/v2\/types\/post"}],"author":[{"embeddable":true,"href":"https:\/\/tvsensor.com\/api\/wp\/v2\/users\/59"}],"replies":[{"embeddable":true,"href":"https:\/\/tvsensor.com\/api\/wp\/v2\/comments?post=24475"}],"version-history":[{"count":1,"href":"https:\/\/tvsensor.com\/api\/wp\/v2\/posts\/24475\/revisions"}],"predecessor-version":[{"id":24477,"href":"https:\/\/tvsensor.com\/api\/wp\/v2\/posts\/24475\/revisions\/24477"}],"wp:featuredmedia":[{"embeddable":true,"href":"https:\/\/tvsensor.com\/api\/wp\/v2\/media\/24476"}],"wp:attachment":[{"href":"https:\/\/tvsensor.com\/api\/wp\/v2\/media?parent=24475"}],"wp:term":[{"taxonomy":"category","embeddable":true,"href":"https:\/\/tvsensor.com\/api\/wp\/v2\/categories?post=24475"},{"taxonomy":"post_tag","embeddable":true,"href":"https:\/\/tvsensor.com\/api\/wp\/v2\/tags?post=24475"}],"curies":[{"name":"wp","href":"https:\/\/api.w.org\/{rel}","templated":true}]}}