{"id":24472,"date":"2021-03-01T20:01:56","date_gmt":"2021-03-01T19:01:56","guid":{"rendered":"https:\/\/senzor.ba\/?p=24472"},"modified":"2024-01-15T21:39:51","modified_gmt":"2024-01-15T20:39:51","slug":"miloradu-dodiku-za-dan-nezavisnosti-bih-stigla-jos-jedna-cestitka-izdaleka","status":"publish","type":"post","link":"https:\/\/tvsensor.com\/clanak\/miloradu-dodiku-za-dan-nezavisnosti-bih-stigla-jos-jedna-cestitka-izdaleka\/","title":{"rendered":"Miloradu Dodiku za Dan nezavisnosti BiH stigla jo\u0161 jedna \u010destitka izdaleka"},"content":{"rendered":"\n<p>Nakon \u0161to je na zvani\u010dnom Twitter profilu<strong>&nbsp;Ministarstva vanjskih poslova Saudijske Arabije objavljena je \u010destitka<\/strong>&nbsp;u kojoj se navodi kako&nbsp;<strong>kralj Salman i prijestolonasljednik Mohammad upu\u0107uju \u010destitku<\/strong>&nbsp;predsjedavaju\u0107em Predsjedni\u0161tva Bosne i Hercegovine&nbsp;<strong>Miloradu Dodiku povodom Dana nezavisnosti Bosne i Hercegovine<\/strong>, danas je Dodiku stigla jo\u0161 jedna \u010destitka, iz &#8211;<strong>&nbsp;Omana.<\/strong><\/p>\n\n\n\n<p><strong>Dodiku<\/strong>&nbsp;je sada \u010destitku uputio&nbsp;<strong>Haitham bin Tariq Al Said Sultan Omana, koji je&nbsp;predsjedavaju\u0107em Predsjedni\u0161tva BiH \u010destitao Dan neovisnosti na\u0161e zemlje.<\/strong><\/p>\n\n\n\n<p><strong>&#8221;Njegovo Veli\u010danstvo Sultan &#8211; neka ga Bog za\u0161titi &#8211; uputio je \u010destitku Njegovoj Ekselenciji predsjedniku Predsjedni\u0161tva Bosne i Hercegovine, povodom godi\u0161njice neovisnosti njegove zemlje&#8221;, navodi se u \u010destitci.<\/strong><\/p>\n\n\n\n<figure class=\"wp-block-embed is-type-rich is-provider-twitter wp-block-embed-twitter\"><div class=\"wp-block-embed__wrapper\">\n<blockquote class=\"twitter-tweet\" data-width=\"550\" data-dnt=\"true\"><p lang=\"ar\" dir=\"rtl\">\u062d\u0636\u0631\u0629 \u0635\u0627\u062d\u0628 \u0627\u0644\u062c\u0644\u0627\u0644\u0629 \u0627\u0644\u0633\u0644\u0637\u0627\u0646 \u0627\u0644\u0645\u0639\u0638\u0645 \u0640 \u062d\u0641\u0638\u0647 \u0627\u0644\u0644\u0651\u0647 \u0648\u0631\u0639\u0627\u0647 \u0640 \u064a\u0628\u0639\u062b \u0628\u0631\u0642\u064a\u0640\u0629 \u062a\u0647\u0646\u0626\u0629 \u0625\u0644\u0649 \u0641\u062e\u0627\u0645\u0629 \u0631\u0626\u064a\u0640\u0633 \u0645\u062c\u0644\u0633 \u0631\u0626\u0627\u0633\u0629 \u0627\u0644\u0628\u0648\u0633\u0646\u0629 \u0648\u0627\u0644\u0647\u0631\u0633\u0643\u060c \u0628\u0645\u0646\u0627\u0633\u0628\u0629 \u0630\u0643\u0631\u0649 \u0627\u0633\u062a\u0642\u0644\u0627\u0644 \u0628\u0644\u0627\u062f\u0647. <a href=\"https:\/\/t.co\/1BUVLMUZTe\">pic.twitter.com\/1BUVLMUZTe<\/a><\/p>&mdash; \u0648\u0632\u0627\u0631\u0629 \u0627\u0644\u062e\u0627\u0631\u062c\u064a\u0629 (@FMofOman) <a href=\"https:\/\/twitter.com\/FMofOman\/status\/1366369742454464513?ref_src=twsrc%5Etfw\">March 1, 2021<\/a><\/blockquote><script async src=\"https:\/\/platform.twitter.com\/widgets.js\" charset=\"utf-8\"><\/script>\n<\/div><\/figure>\n\n\n\n<p><strong>Sultan<\/strong>\u00a0je u svojoj \u010destitci\u00a0<strong>Dodiku i prijateljskom narodu BiH po\u017eelio sve najbolje<\/strong>\u00a0\u017eelje povodom dana\u0161njeg dana.<\/p>\n","protected":false},"excerpt":{"rendered":"<p>Nakon \u0161to je na zvani\u010dnom Twitter profilu&nbsp;Ministarstva vanjskih poslova Saudijske Arabije objavljena je \u010destitka&nbsp;u kojoj se navodi kako&nbsp;kralj Salman i prijestolonasljednik Mohammad upu\u0107uju \u010destitku&nbsp;predsjedavaju\u0107em Predsjedni\u0161tva Bosne i Hercegovine&nbsp;Miloradu Dodiku povodom Dana nezavisnosti Bosne i Hercegovine, danas je Dodiku stigla jo\u0161 jedna \u010destitka, iz &#8211;&nbsp;Omana. Dodiku&nbsp;je sada \u010destitku uputio&nbsp;Haitham bin Tariq Al Said Sultan Omana, koji [&hellip;]<\/p>\n","protected":false},"author":59,"featured_media":24473,"comment_status":"closed","ping_status":"closed","sticky":false,"template":"","format":"standard","meta":{"inline_featured_image":false,"footnotes":""},"categories":[234,41],"tags":[],"class_list":{"0":"post-24472","1":"post","2":"type-post","3":"status-publish","4":"format-standard","5":"has-post-thumbnail","7":"category-politika","8":"category-svijet"},"acf":[],"_links":{"self":[{"href":"https:\/\/tvsensor.com\/api\/wp\/v2\/posts\/24472","targetHints":{"allow":["GET"]}}],"collection":[{"href":"https:\/\/tvsensor.com\/api\/wp\/v2\/posts"}],"about":[{"href":"https:\/\/tvsensor.com\/api\/wp\/v2\/types\/post"}],"author":[{"embeddable":true,"href":"https:\/\/tvsensor.com\/api\/wp\/v2\/users\/59"}],"replies":[{"embeddable":true,"href":"https:\/\/tvsensor.com\/api\/wp\/v2\/comments?post=24472"}],"version-history":[{"count":1,"href":"https:\/\/tvsensor.com\/api\/wp\/v2\/posts\/24472\/revisions"}],"predecessor-version":[{"id":24474,"href":"https:\/\/tvsensor.com\/api\/wp\/v2\/posts\/24472\/revisions\/24474"}],"wp:featuredmedia":[{"embeddable":true,"href":"https:\/\/tvsensor.com\/api\/wp\/v2\/media\/24473"}],"wp:attachment":[{"href":"https:\/\/tvsensor.com\/api\/wp\/v2\/media?parent=24472"}],"wp:term":[{"taxonomy":"category","embeddable":true,"href":"https:\/\/tvsensor.com\/api\/wp\/v2\/categories?post=24472"},{"taxonomy":"post_tag","embeddable":true,"href":"https:\/\/tvsensor.com\/api\/wp\/v2\/tags?post=24472"}],"curies":[{"name":"wp","href":"https:\/\/api.w.org\/{rel}","templated":true}]}}