{"id":24469,"date":"2021-03-01T19:56:19","date_gmt":"2021-03-01T18:56:19","guid":{"rendered":"https:\/\/senzor.ba\/?p=24469"},"modified":"2024-01-15T21:39:51","modified_gmt":"2024-01-15T20:39:51","slug":"klub-seada-kolasinca-na-poseban-nacin-cestitao-dan-nezavisnosti-bih","status":"publish","type":"post","link":"https:\/\/tvsensor.com\/clanak\/klub-seada-kolasinca-na-poseban-nacin-cestitao-dan-nezavisnosti-bih\/","title":{"rendered":"Klub Seada Kola\u0161inca na poseban na\u010din \u010destitao Dan nezavisnosti BiH"},"content":{"rendered":"\n<p><strong>Schalke je na zvani\u010dnoj Facebook stranici uputio \u010destitku svim Bosancima i Hercegovcima dana\u0161nji praznik<\/strong>.<\/p>\n\n\n\n<p>Klub iz Gelsenkirchena, u \u010dijim redovima igra reprezentativac Bosne i Hercegovine<strong>&nbsp;Sead Kola\u0161inac<\/strong>, \u010destitao je Dan nezavisnosti BiH.<\/p>\n\n\n\n<p><strong>\u201cSretan Dan nezavisnosti svima iz Bosne i Hercegovine!\u201d<\/strong>, napisali su iz Schelkea uz prigodnu fotografiju.<\/p>\n\n\n\n<p>Kola\u0161inac je ostavio dubok trag u njema\u010dkom bundesliga\u0161u, a u zimskom prelaznom roku vratio se u klub iz Gelzenkirhena na posudbu do kraja sezone iz londonskog Arsenala, pi\u0161e\u00a0<em>scsport.ba<\/em><\/p>\n\n\n\n<figure class=\"wp-block-image\"><img decoding=\"async\" src=\"https:\/\/storage.radiosarajevo.ba\/image\/581329\/1180x732\/prt_scr_schalke_fb.jpg\" alt=\"prt_scr_schalke_fb.jpg - undefined\"\/><\/figure>\n","protected":false},"excerpt":{"rendered":"<p>Schalke je na zvani\u010dnoj Facebook stranici uputio \u010destitku svim Bosancima i Hercegovcima dana\u0161nji praznik. Klub iz Gelsenkirchena, u \u010dijim redovima igra reprezentativac Bosne i Hercegovine&nbsp;Sead Kola\u0161inac, \u010destitao je Dan nezavisnosti BiH. \u201cSretan Dan nezavisnosti svima iz Bosne i Hercegovine!\u201d, napisali su iz Schelkea uz prigodnu fotografiju. Kola\u0161inac je ostavio dubok trag u njema\u010dkom bundesliga\u0161u, a [&hellip;]<\/p>\n","protected":false},"author":59,"featured_media":24470,"comment_status":"closed","ping_status":"closed","sticky":false,"template":"","format":"standard","meta":{"inline_featured_image":false,"footnotes":""},"categories":[62,61],"tags":[],"class_list":{"0":"post-24469","1":"post","2":"type-post","3":"status-publish","4":"format-standard","5":"has-post-thumbnail","7":"category-nogomet","8":"category-sport"},"acf":[],"_links":{"self":[{"href":"https:\/\/tvsensor.com\/api\/wp\/v2\/posts\/24469","targetHints":{"allow":["GET"]}}],"collection":[{"href":"https:\/\/tvsensor.com\/api\/wp\/v2\/posts"}],"about":[{"href":"https:\/\/tvsensor.com\/api\/wp\/v2\/types\/post"}],"author":[{"embeddable":true,"href":"https:\/\/tvsensor.com\/api\/wp\/v2\/users\/59"}],"replies":[{"embeddable":true,"href":"https:\/\/tvsensor.com\/api\/wp\/v2\/comments?post=24469"}],"version-history":[{"count":1,"href":"https:\/\/tvsensor.com\/api\/wp\/v2\/posts\/24469\/revisions"}],"predecessor-version":[{"id":24471,"href":"https:\/\/tvsensor.com\/api\/wp\/v2\/posts\/24469\/revisions\/24471"}],"wp:featuredmedia":[{"embeddable":true,"href":"https:\/\/tvsensor.com\/api\/wp\/v2\/media\/24470"}],"wp:attachment":[{"href":"https:\/\/tvsensor.com\/api\/wp\/v2\/media?parent=24469"}],"wp:term":[{"taxonomy":"category","embeddable":true,"href":"https:\/\/tvsensor.com\/api\/wp\/v2\/categories?post=24469"},{"taxonomy":"post_tag","embeddable":true,"href":"https:\/\/tvsensor.com\/api\/wp\/v2\/tags?post=24469"}],"curies":[{"name":"wp","href":"https:\/\/api.w.org\/{rel}","templated":true}]}}